{"id":2456442,"date":"2019-06-24T09:00:58","date_gmt":"2019-06-24T09:00:58","guid":{"rendered":"https:\/\/www.lampo.it\/?p=2456442"},"modified":"2025-07-24T12:23:29","modified_gmt":"2025-07-24T12:23:29","slug":"bibione-der-rauchfreie-strand","status":"publish","type":"post","link":"https:\/\/www.lampo.it\/de\/adriakuste\/bibione-der-rauchfreie-strand\/","title":{"rendered":"BIBIONE: DER RAUCHFREIE STRAND"},"content":{"rendered":"<p>Dieses Jahr gibt es in <strong>Bibione<\/strong> gro\u00dfartige Neuigkeiten: Am Meer ist n\u00e4mlich das Rauchen unter den Sonnenschirmen und an der Strandlinie verboten. Nach dem Experiment der letzten 8 Jahre hat die Gemeinde beschlossen, die Zigaretten vom Strand zu verbannen, um den Urlaubern einen sauberen Strand und reine Luft zu garantieren.<\/p>\n<p><img fetchpriority=\"high\" decoding=\"async\" class=\"alignnone size-full wp-image-2456340\" src=\"https:\/\/www.lampo.it\/wp-content\/uploads\/2019\/06\/DSC3503-1.jpg\" alt=\"\" width=\"470\" height=\"300\" \/><\/p>\n<p><img decoding=\"async\" class=\"alignnone size-full wp-image-2456346\" src=\"https:\/\/www.lampo.it\/wp-content\/uploads\/2019\/06\/1140579.jpg\" alt=\"\" width=\"470\" height=\"300\" \/><\/p>\n<p>Das Projekt soll aber nicht nur die Sauberkeit des Strandes gew\u00e4hrleisten und ihn frei von Zigarettenstummeln halten, sondern auch das marine \u00d6kosystem sch\u00fctzen (ein Zigarettenstummel braucht 10 Jahre, um zu verrotten), damit alle &#8211; und haupts\u00e4chlich die Kinder &#8211; frische Luft atmen k\u00f6nnen.<\/p>\n<p>Der rauchfreie Strand ist auch ein Aush\u00e4ngeschild f\u00fcr Bibione, das sich als familienfreundlicher Badeort einen Namen gemacht hat, in dem man im Freien einen gesunden und erholsamen Urlaub verbringen kann.<\/p>\n<p>Seit Jahren gilt hier die Aufmerksamkeit dem Gast, der authentische Ferien und italienische Dienstleistungen sucht, aber auch den Mehrwert, den eine gr\u00fcne Oase darstellt.<\/p>\n<p><img decoding=\"async\" class=\"alignnone size-full wp-image-2456351\" src=\"https:\/\/www.lampo.it\/wp-content\/uploads\/2019\/06\/LUM_2563.jpg\" alt=\"\" width=\"470\" height=\"300\" \/><\/p>\n<p><img loading=\"lazy\" decoding=\"async\" class=\"alignnone size-full wp-image-2456356\" src=\"https:\/\/www.lampo.it\/wp-content\/uploads\/2019\/06\/bibione-spiaggia-senza-fumo.jpg\" alt=\"\" width=\"470\" height=\"300\" \/><\/p>\n<p>Bibione geht auch sonst mit gutem Beispiel voran, indem es viele Sportveranstaltungen und ein umfassendes Programm f\u00fcr die Gesundheit bietet: Sport, gesunde Freizeitaktivit\u00e4ten, Kampf gegen die Zigaretten, viel Interesse f\u00fcr die Natur und Umwelt.<\/p>\n<p>Der Sport ist hier schon lange zu Hause: Auf den fantastischen Beachvolley-Feldern finden j\u00e4hrlich zwei Wettk\u00e4mpfe statt, der Radweg ist dank seiner L\u00e4nge und Zug\u00e4nglichkeit einzigartig in Italien und der ganze Stolz der Gemeinde, w\u00e4hrend die vielen anderen Sportarten, die im Wasser betrieben werden k\u00f6nnen (Kanu- und Kajakfahren, Windsurfen, Kiteboarden und viele andere) den Ort zu einem wahren Paradies f\u00fcr jeden Geschmack und f\u00fcr alle Urlaubsg\u00e4ste macht, die in ihrer Freizeit ihre wohlverdiente Erholung genie\u00dfen und sich vergn\u00fcgen m\u00f6chten.<\/p>\n<p>Bibione vernachl\u00e4ssigt aber die Bed\u00fcrfnisse seiner anderen G\u00e4ste nicht, auch wenn das Rauchen nun auf dem Strand verboten ist: Gleich hinter den Sonnenschirmen wurden n\u00e4mlich 41 gut ausgestattete Raucherbereiche im Schatten eingerichtet, die sich am gesamten Strand hinter den Badeanlagen befinden.<\/p>\n<p>Go green &#8211; go to Bibione!<\/p>\n<p><img loading=\"lazy\" decoding=\"async\" class=\"alignnone size-full wp-image-2456361\" src=\"https:\/\/www.lampo.it\/wp-content\/uploads\/2019\/06\/banner-bibione-smoke-free.jpg\" alt=\"\" width=\"470\" height=\"300\" \/><\/p>\n","protected":false},"excerpt":{"rendered":"<p>Das Meer atmen und den Urlaub genie\u00dfen<\/p>\n","protected":false},"author":1,"featured_media":2456337,"comment_status":"open","ping_status":"closed","sticky":false,"template":"","format":"standard","meta":{"footnotes":""},"categories":[154],"tags":[146,160,38],"class_list":["post-2456442","post","type-post","status-publish","format-standard","has-post-thumbnail","hentry","category-costa-adriatica","tag-bibione-de","tag-meer","tag-strand"],"yoast_head":"<!-- This site is optimized with the Yoast SEO plugin v27.5 - https:\/\/yoast.com\/product\/yoast-seo-wordpress\/ -->\n<title>BIBIONE: DER RAUCHFREIE STRAND - Agenzia Lampo<\/title>\n<meta name=\"description\" content=\"Dal 2019 Bibione \u00e8 diventata spiaggia senza fumo a favore di un ambiente ed ecosistema marittimo pi\u00f9 pulito e un&#039;aria pi\u00f9 sana! Scopri di pi\u00f9!\" \/>\n<meta name=\"robots\" content=\"index, follow, max-snippet:-1, max-image-preview:large, max-video-preview:-1\" \/>\n<link rel=\"canonical\" href=\"https:\/\/www.lampo.it\/de\/costa-adriatica\/bibione-der-rauchfreie-strand\/\" \/>\n<meta property=\"og:locale\" content=\"de_DE\" \/>\n<meta property=\"og:type\" content=\"article\" \/>\n<meta property=\"og:title\" content=\"BIBIONE: DER RAUCHFREIE STRAND - Agenzia Lampo\" \/>\n<meta property=\"og:description\" content=\"Dal 2019 Bibione \u00e8 diventata spiaggia senza fumo a favore di un ambiente ed ecosistema marittimo pi\u00f9 pulito e un&#039;aria pi\u00f9 sana! Scopri di pi\u00f9!\" \/>\n<meta property=\"og:url\" content=\"https:\/\/www.lampo.it\/de\/costa-adriatica\/bibione-der-rauchfreie-strand\/\" \/>\n<meta property=\"og:site_name\" content=\"Agenzia Lampo\" \/>\n<meta property=\"article:published_time\" content=\"2019-06-24T09:00:58+00:00\" \/>\n<meta property=\"article:modified_time\" content=\"2025-07-24T12:23:29+00:00\" \/>\n<meta property=\"og:image\" content=\"https:\/\/www.lampo.it\/wp-content\/uploads\/2019\/06\/DSC3503-1.jpg\" \/>\n\t<meta property=\"og:image:width\" content=\"470\" \/>\n\t<meta property=\"og:image:height\" content=\"300\" \/>\n\t<meta property=\"og:image:type\" content=\"image\/jpeg\" \/>\n<meta name=\"author\" content=\"Manuela Bellotto\" \/>\n<meta name=\"twitter:card\" content=\"summary_large_image\" \/>\n<meta name=\"twitter:label1\" content=\"Verfasst von\" \/>\n\t<meta name=\"twitter:data1\" content=\"Manuela Bellotto\" \/>\n\t<meta name=\"twitter:label2\" content=\"Gesch\u00e4tzte Lesezeit\" \/>\n\t<meta name=\"twitter:data2\" content=\"3\u00a0Minuten\" \/>\n<script type=\"application\/ld+json\" class=\"yoast-schema-graph\">{\"@context\":\"https:\\\/\\\/schema.org\",\"@graph\":[{\"@type\":\"Article\",\"@id\":\"https:\\\/\\\/www.lampo.it\\\/de\\\/costa-adriatica\\\/bibione-der-rauchfreie-strand\\\/#article\",\"isPartOf\":{\"@id\":\"https:\\\/\\\/www.lampo.it\\\/de\\\/costa-adriatica\\\/bibione-der-rauchfreie-strand\\\/\"},\"author\":{\"name\":\"Manuela Bellotto\",\"@id\":\"https:\\\/\\\/www.lampo.it\\\/#\\\/schema\\\/person\\\/1027fc4785e6a6e93fcc24f4c7b6a2c7\"},\"headline\":\"BIBIONE: DER RAUCHFREIE STRAND\",\"datePublished\":\"2019-06-24T09:00:58+00:00\",\"dateModified\":\"2025-07-24T12:23:29+00:00\",\"mainEntityOfPage\":{\"@id\":\"https:\\\/\\\/www.lampo.it\\\/de\\\/costa-adriatica\\\/bibione-der-rauchfreie-strand\\\/\"},\"wordCount\":336,\"commentCount\":0,\"publisher\":{\"@id\":\"https:\\\/\\\/www.lampo.it\\\/#organization\"},\"image\":{\"@id\":\"https:\\\/\\\/www.lampo.it\\\/de\\\/costa-adriatica\\\/bibione-der-rauchfreie-strand\\\/#primaryimage\"},\"thumbnailUrl\":\"https:\\\/\\\/www.lampo.it\\\/wp-content\\\/uploads\\\/2019\\\/06\\\/DSC3503-1.jpg\",\"keywords\":[\"bibione\",\"Meer\",\"Strand\"],\"articleSection\":[\"Costa Adriatica\"],\"inLanguage\":\"de\",\"potentialAction\":[{\"@type\":\"CommentAction\",\"name\":\"Comment\",\"target\":[\"https:\\\/\\\/www.lampo.it\\\/de\\\/costa-adriatica\\\/bibione-der-rauchfreie-strand\\\/#respond\"]}]},{\"@type\":\"WebPage\",\"@id\":\"https:\\\/\\\/www.lampo.it\\\/de\\\/costa-adriatica\\\/bibione-der-rauchfreie-strand\\\/\",\"url\":\"https:\\\/\\\/www.lampo.it\\\/de\\\/costa-adriatica\\\/bibione-der-rauchfreie-strand\\\/\",\"name\":\"BIBIONE: DER RAUCHFREIE STRAND - Agenzia Lampo\",\"isPartOf\":{\"@id\":\"https:\\\/\\\/www.lampo.it\\\/#website\"},\"primaryImageOfPage\":{\"@id\":\"https:\\\/\\\/www.lampo.it\\\/de\\\/costa-adriatica\\\/bibione-der-rauchfreie-strand\\\/#primaryimage\"},\"image\":{\"@id\":\"https:\\\/\\\/www.lampo.it\\\/de\\\/costa-adriatica\\\/bibione-der-rauchfreie-strand\\\/#primaryimage\"},\"thumbnailUrl\":\"https:\\\/\\\/www.lampo.it\\\/wp-content\\\/uploads\\\/2019\\\/06\\\/DSC3503-1.jpg\",\"datePublished\":\"2019-06-24T09:00:58+00:00\",\"dateModified\":\"2025-07-24T12:23:29+00:00\",\"description\":\"Dal 2019 Bibione \u00e8 diventata spiaggia senza fumo a favore di un ambiente ed ecosistema marittimo pi\u00f9 pulito e un'aria pi\u00f9 sana! Scopri di pi\u00f9!\",\"breadcrumb\":{\"@id\":\"https:\\\/\\\/www.lampo.it\\\/de\\\/costa-adriatica\\\/bibione-der-rauchfreie-strand\\\/#breadcrumb\"},\"inLanguage\":\"de\",\"potentialAction\":[{\"@type\":\"ReadAction\",\"target\":[\"https:\\\/\\\/www.lampo.it\\\/de\\\/costa-adriatica\\\/bibione-der-rauchfreie-strand\\\/\"]}]},{\"@type\":\"ImageObject\",\"inLanguage\":\"de\",\"@id\":\"https:\\\/\\\/www.lampo.it\\\/de\\\/costa-adriatica\\\/bibione-der-rauchfreie-strand\\\/#primaryimage\",\"url\":\"https:\\\/\\\/www.lampo.it\\\/wp-content\\\/uploads\\\/2019\\\/06\\\/DSC3503-1.jpg\",\"contentUrl\":\"https:\\\/\\\/www.lampo.it\\\/wp-content\\\/uploads\\\/2019\\\/06\\\/DSC3503-1.jpg\",\"width\":470,\"height\":300},{\"@type\":\"BreadcrumbList\",\"@id\":\"https:\\\/\\\/www.lampo.it\\\/de\\\/costa-adriatica\\\/bibione-der-rauchfreie-strand\\\/#breadcrumb\",\"itemListElement\":[{\"@type\":\"ListItem\",\"position\":1,\"name\":\"Home\",\"item\":\"https:\\\/\\\/www.lampo.it\\\/\"},{\"@type\":\"ListItem\",\"position\":2,\"name\":\"BIBIONE: DER RAUCHFREIE STRAND\"}]},{\"@type\":\"WebSite\",\"@id\":\"https:\\\/\\\/www.lampo.it\\\/#website\",\"url\":\"https:\\\/\\\/www.lampo.it\\\/\",\"name\":\"Agenzia Lampo\",\"description\":\"Agenzia Lampo. Affitti brevi sulla Costa Veneta\",\"publisher\":{\"@id\":\"https:\\\/\\\/www.lampo.it\\\/#organization\"},\"potentialAction\":[{\"@type\":\"SearchAction\",\"target\":{\"@type\":\"EntryPoint\",\"urlTemplate\":\"https:\\\/\\\/www.lampo.it\\\/?s={search_term_string}\"},\"query-input\":{\"@type\":\"PropertyValueSpecification\",\"valueRequired\":true,\"valueName\":\"search_term_string\"}}],\"inLanguage\":\"de\"},{\"@type\":\"Organization\",\"@id\":\"https:\\\/\\\/www.lampo.it\\\/#organization\",\"name\":\"Agenzia Lampo\",\"url\":\"https:\\\/\\\/www.lampo.it\\\/\",\"logo\":{\"@type\":\"ImageObject\",\"inLanguage\":\"de\",\"@id\":\"https:\\\/\\\/www.lampo.it\\\/#\\\/schema\\\/logo\\\/image\\\/\",\"url\":\"https:\\\/\\\/www.lampo.it\\\/wp-content\\\/uploads\\\/2025\\\/07\\\/logo-lampo_ok_2012.png\",\"contentUrl\":\"https:\\\/\\\/www.lampo.it\\\/wp-content\\\/uploads\\\/2025\\\/07\\\/logo-lampo_ok_2012.png\",\"width\":349,\"height\":137,\"caption\":\"Agenzia Lampo\"},\"image\":{\"@id\":\"https:\\\/\\\/www.lampo.it\\\/#\\\/schema\\\/logo\\\/image\\\/\"}},{\"@type\":\"Person\",\"@id\":\"https:\\\/\\\/www.lampo.it\\\/#\\\/schema\\\/person\\\/1027fc4785e6a6e93fcc24f4c7b6a2c7\",\"name\":\"Manuela Bellotto\",\"image\":{\"@type\":\"ImageObject\",\"inLanguage\":\"de\",\"@id\":\"https:\\\/\\\/secure.gravatar.com\\\/avatar\\\/42a1de295add8c33fd5048ebdd390af14c654bb55f9af92cf9fd71f197d4ffc8?s=96&d=mm&r=g\",\"url\":\"https:\\\/\\\/secure.gravatar.com\\\/avatar\\\/42a1de295add8c33fd5048ebdd390af14c654bb55f9af92cf9fd71f197d4ffc8?s=96&d=mm&r=g\",\"contentUrl\":\"https:\\\/\\\/secure.gravatar.com\\\/avatar\\\/42a1de295add8c33fd5048ebdd390af14c654bb55f9af92cf9fd71f197d4ffc8?s=96&d=mm&r=g\",\"caption\":\"Manuela Bellotto\"},\"sameAs\":[\"https:\\\/\\\/www.lampo.it\"],\"url\":\"https:\\\/\\\/www.lampo.it\\\/de\\\/author\\\/avantioblog\\\/\"}]}<\/script>\n<!-- \/ Yoast SEO plugin. -->","yoast_head_json":{"title":"BIBIONE: DER RAUCHFREIE STRAND - Agenzia Lampo","description":"Dal 2019 Bibione \u00e8 diventata spiaggia senza fumo a favore di un ambiente ed ecosistema marittimo pi\u00f9 pulito e un'aria pi\u00f9 sana! Scopri di pi\u00f9!","robots":{"index":"index","follow":"follow","max-snippet":"max-snippet:-1","max-image-preview":"max-image-preview:large","max-video-preview":"max-video-preview:-1"},"canonical":"https:\/\/www.lampo.it\/de\/costa-adriatica\/bibione-der-rauchfreie-strand\/","og_locale":"de_DE","og_type":"article","og_title":"BIBIONE: DER RAUCHFREIE STRAND - Agenzia Lampo","og_description":"Dal 2019 Bibione \u00e8 diventata spiaggia senza fumo a favore di un ambiente ed ecosistema marittimo pi\u00f9 pulito e un'aria pi\u00f9 sana! Scopri di pi\u00f9!","og_url":"https:\/\/www.lampo.it\/de\/costa-adriatica\/bibione-der-rauchfreie-strand\/","og_site_name":"Agenzia Lampo","article_published_time":"2019-06-24T09:00:58+00:00","article_modified_time":"2025-07-24T12:23:29+00:00","og_image":[{"width":470,"height":300,"url":"https:\/\/www.lampo.it\/wp-content\/uploads\/2019\/06\/DSC3503-1.jpg","type":"image\/jpeg"}],"author":"Manuela Bellotto","twitter_card":"summary_large_image","twitter_misc":{"Verfasst von":"Manuela Bellotto","Gesch\u00e4tzte Lesezeit":"3\u00a0Minuten"},"schema":{"@context":"https:\/\/schema.org","@graph":[{"@type":"Article","@id":"https:\/\/www.lampo.it\/de\/costa-adriatica\/bibione-der-rauchfreie-strand\/#article","isPartOf":{"@id":"https:\/\/www.lampo.it\/de\/costa-adriatica\/bibione-der-rauchfreie-strand\/"},"author":{"name":"Manuela Bellotto","@id":"https:\/\/www.lampo.it\/#\/schema\/person\/1027fc4785e6a6e93fcc24f4c7b6a2c7"},"headline":"BIBIONE: DER RAUCHFREIE STRAND","datePublished":"2019-06-24T09:00:58+00:00","dateModified":"2025-07-24T12:23:29+00:00","mainEntityOfPage":{"@id":"https:\/\/www.lampo.it\/de\/costa-adriatica\/bibione-der-rauchfreie-strand\/"},"wordCount":336,"commentCount":0,"publisher":{"@id":"https:\/\/www.lampo.it\/#organization"},"image":{"@id":"https:\/\/www.lampo.it\/de\/costa-adriatica\/bibione-der-rauchfreie-strand\/#primaryimage"},"thumbnailUrl":"https:\/\/www.lampo.it\/wp-content\/uploads\/2019\/06\/DSC3503-1.jpg","keywords":["bibione","Meer","Strand"],"articleSection":["Costa Adriatica"],"inLanguage":"de","potentialAction":[{"@type":"CommentAction","name":"Comment","target":["https:\/\/www.lampo.it\/de\/costa-adriatica\/bibione-der-rauchfreie-strand\/#respond"]}]},{"@type":"WebPage","@id":"https:\/\/www.lampo.it\/de\/costa-adriatica\/bibione-der-rauchfreie-strand\/","url":"https:\/\/www.lampo.it\/de\/costa-adriatica\/bibione-der-rauchfreie-strand\/","name":"BIBIONE: DER RAUCHFREIE STRAND - Agenzia Lampo","isPartOf":{"@id":"https:\/\/www.lampo.it\/#website"},"primaryImageOfPage":{"@id":"https:\/\/www.lampo.it\/de\/costa-adriatica\/bibione-der-rauchfreie-strand\/#primaryimage"},"image":{"@id":"https:\/\/www.lampo.it\/de\/costa-adriatica\/bibione-der-rauchfreie-strand\/#primaryimage"},"thumbnailUrl":"https:\/\/www.lampo.it\/wp-content\/uploads\/2019\/06\/DSC3503-1.jpg","datePublished":"2019-06-24T09:00:58+00:00","dateModified":"2025-07-24T12:23:29+00:00","description":"Dal 2019 Bibione \u00e8 diventata spiaggia senza fumo a favore di un ambiente ed ecosistema marittimo pi\u00f9 pulito e un'aria pi\u00f9 sana! Scopri di pi\u00f9!","breadcrumb":{"@id":"https:\/\/www.lampo.it\/de\/costa-adriatica\/bibione-der-rauchfreie-strand\/#breadcrumb"},"inLanguage":"de","potentialAction":[{"@type":"ReadAction","target":["https:\/\/www.lampo.it\/de\/costa-adriatica\/bibione-der-rauchfreie-strand\/"]}]},{"@type":"ImageObject","inLanguage":"de","@id":"https:\/\/www.lampo.it\/de\/costa-adriatica\/bibione-der-rauchfreie-strand\/#primaryimage","url":"https:\/\/www.lampo.it\/wp-content\/uploads\/2019\/06\/DSC3503-1.jpg","contentUrl":"https:\/\/www.lampo.it\/wp-content\/uploads\/2019\/06\/DSC3503-1.jpg","width":470,"height":300},{"@type":"BreadcrumbList","@id":"https:\/\/www.lampo.it\/de\/costa-adriatica\/bibione-der-rauchfreie-strand\/#breadcrumb","itemListElement":[{"@type":"ListItem","position":1,"name":"Home","item":"https:\/\/www.lampo.it\/"},{"@type":"ListItem","position":2,"name":"BIBIONE: DER RAUCHFREIE STRAND"}]},{"@type":"WebSite","@id":"https:\/\/www.lampo.it\/#website","url":"https:\/\/www.lampo.it\/","name":"Agenzia Lampo","description":"Agenzia Lampo. Affitti brevi sulla Costa Veneta","publisher":{"@id":"https:\/\/www.lampo.it\/#organization"},"potentialAction":[{"@type":"SearchAction","target":{"@type":"EntryPoint","urlTemplate":"https:\/\/www.lampo.it\/?s={search_term_string}"},"query-input":{"@type":"PropertyValueSpecification","valueRequired":true,"valueName":"search_term_string"}}],"inLanguage":"de"},{"@type":"Organization","@id":"https:\/\/www.lampo.it\/#organization","name":"Agenzia Lampo","url":"https:\/\/www.lampo.it\/","logo":{"@type":"ImageObject","inLanguage":"de","@id":"https:\/\/www.lampo.it\/#\/schema\/logo\/image\/","url":"https:\/\/www.lampo.it\/wp-content\/uploads\/2025\/07\/logo-lampo_ok_2012.png","contentUrl":"https:\/\/www.lampo.it\/wp-content\/uploads\/2025\/07\/logo-lampo_ok_2012.png","width":349,"height":137,"caption":"Agenzia Lampo"},"image":{"@id":"https:\/\/www.lampo.it\/#\/schema\/logo\/image\/"}},{"@type":"Person","@id":"https:\/\/www.lampo.it\/#\/schema\/person\/1027fc4785e6a6e93fcc24f4c7b6a2c7","name":"Manuela Bellotto","image":{"@type":"ImageObject","inLanguage":"de","@id":"https:\/\/secure.gravatar.com\/avatar\/42a1de295add8c33fd5048ebdd390af14c654bb55f9af92cf9fd71f197d4ffc8?s=96&d=mm&r=g","url":"https:\/\/secure.gravatar.com\/avatar\/42a1de295add8c33fd5048ebdd390af14c654bb55f9af92cf9fd71f197d4ffc8?s=96&d=mm&r=g","contentUrl":"https:\/\/secure.gravatar.com\/avatar\/42a1de295add8c33fd5048ebdd390af14c654bb55f9af92cf9fd71f197d4ffc8?s=96&d=mm&r=g","caption":"Manuela Bellotto"},"sameAs":["https:\/\/www.lampo.it"],"url":"https:\/\/www.lampo.it\/de\/author\/avantioblog\/"}]}},"_links":{"self":[{"href":"https:\/\/www.lampo.it\/de\/wp-json\/wp\/v2\/posts\/2456442","targetHints":{"allow":["GET"]}}],"collection":[{"href":"https:\/\/www.lampo.it\/de\/wp-json\/wp\/v2\/posts"}],"about":[{"href":"https:\/\/www.lampo.it\/de\/wp-json\/wp\/v2\/types\/post"}],"author":[{"embeddable":true,"href":"https:\/\/www.lampo.it\/de\/wp-json\/wp\/v2\/users\/1"}],"replies":[{"embeddable":true,"href":"https:\/\/www.lampo.it\/de\/wp-json\/wp\/v2\/comments?post=2456442"}],"version-history":[{"count":1,"href":"https:\/\/www.lampo.it\/de\/wp-json\/wp\/v2\/posts\/2456442\/revisions"}],"predecessor-version":[{"id":3176146,"href":"https:\/\/www.lampo.it\/de\/wp-json\/wp\/v2\/posts\/2456442\/revisions\/3176146"}],"wp:featuredmedia":[{"embeddable":true,"href":"https:\/\/www.lampo.it\/de\/wp-json\/wp\/v2\/media\/2456337"}],"wp:attachment":[{"href":"https:\/\/www.lampo.it\/de\/wp-json\/wp\/v2\/media?parent=2456442"}],"wp:term":[{"taxonomy":"category","embeddable":true,"href":"https:\/\/www.lampo.it\/de\/wp-json\/wp\/v2\/categories?post=2456442"},{"taxonomy":"post_tag","embeddable":true,"href":"https:\/\/www.lampo.it\/de\/wp-json\/wp\/v2\/tags?post=2456442"}],"curies":[{"name":"wp","href":"https:\/\/api.w.org\/{rel}","templated":true}]}}