{"id":2546034,"date":"2019-08-19T09:00:14","date_gmt":"2019-08-19T09:00:14","guid":{"rendered":"https:\/\/www.lampo.it\/?p=2546034"},"modified":"2025-07-24T11:31:04","modified_gmt":"2025-07-24T11:31:04","slug":"romantische-paradigma","status":"publish","type":"post","link":"https:\/\/www.lampo.it\/de\/aktivitat\/romantische-paradigma\/","title":{"rendered":"Romantische Paradigma"},"content":{"rendered":"<p><img fetchpriority=\"high\" decoding=\"async\" class=\"alignnone size-full wp-image-2546030\" src=\"https:\/\/www.lampo.it\/wp-content\/uploads\/2019\/08\/Collage-artisti-Festival-500x400-1.jpg\" alt=\"\" width=\"470\" height=\"300\" \/><\/p>\n<p>Auch dieses Jahr wird <strong>vom 20. August bis zum 18. September 2019<\/strong> auf vielfachen Wunsch wieder das anspruchsvolle Internationale Musikfestival in der Gegend von Portogruaro und den Badeorten Caorle, Bibione und Jesolo stattfinden.<\/p>\n<p>Es wird von der <strong>Musikstiftung Santa Cecilia<\/strong> von Portogruaro mit der Unterst\u00fctzung der Gemeinde Portogruaro, der Metropolitanstadt Venedig und der Region Venetien organisiert.<\/p>\n<p>Das zentrale Thema der ganzen Veranstaltung ist das \u201eRomantische Paradigma\u201c. Die gesamte Konzertreihe wird n\u00e4mlich den Schwerpunkt romantische Musik haben, insbesondere die europ\u00e4ische Musik von <strong>Beethoven und Schumann<\/strong>, wobei vor allem die Kammer- und Klaviermusik im Vordergrund steht.<\/p>\n<p>Das Festival gliedert sich in richtige Konzerte und internationale Masterclasses, das hei\u00dft eine Gegen\u00fcberstellung zwischen den gro\u00dfen Meistern dieses musikalischen Genres wie <strong>Ilya und Naum Grubert<\/strong> (Geige und Klavier), <strong>Francesco Dillon<\/strong> (Violoncello), <strong>Christine Hock<\/strong> (Kontrabass), das <strong>Quartetto Prometeo<\/strong> (Kammermusik), <strong>Luciana D\u2019Intino<\/strong> (Gesang) und vielen anderen sowie jungen Studenten, die zusammen mit den gro\u00dfen Musikern auftreten und spielen k\u00f6nnen.<\/p>\n<p><img decoding=\"async\" class=\"alignnone size-full wp-image-2546015\" src=\"https:\/\/www.lampo.it\/wp-content\/uploads\/2019\/08\/Prometeo-1-copia-2.jpg\" alt=\"\" width=\"960\" height=\"320\" \/><\/p>\n<p>Aber das ist noch nicht alles: Auch die \u201e<strong>Penombre<\/strong>\u201d, also Veranstaltungen, die Musik, Musikkritik mit Verkostungen von lokalen Weinen verbinden, kommen wieder. Auf keinen Fall sollte man am Sonntag, den 25. August, das Event \u201e<strong>La musica klezmer. Dall\u2019archivio di Vilna alla ricerca di Moisei Beregovsky<\/strong>\u201d (Die Musik Klezmer. Vom Archiv in Wilna bis zur Forschung von Moisei Beregovsky) im Gemeindesaal des Rathauses von Portogruaro vers\u00e4umen, das die Gelegenheit bietet, dieses interessante Genre zwischen Jazz und traditioneller Musik der aschkenasischen Juden kennenzulernen.<\/p>\n<p><img decoding=\"async\" class=\"alignnone size-full wp-image-2546020\" src=\"https:\/\/www.lampo.it\/wp-content\/uploads\/2019\/08\/Prosseda-Roberto.jpg\" alt=\"\" width=\"470\" height=\"300\" \/><\/p>\n<p>Unter den vielen bedeutenden K\u00fcnstlern ist <strong>Roberto Prosseda<\/strong> eine der Hauptfiguren und wird bei diesem Festival am 20. August die Reihe der \u201ePenombre\u201c er\u00f6ffnen, indem er interessante Einzelheiten von seinem Lieblingsinstrument, dem quadratischen Klavier oder <strong>Pedalklavier<\/strong>, erz\u00e4hlt: Es handelt sich um ein Doppelklavier mit orgel\u00e4hnlichem Pedal, das im Zeitalter des Romantizismus sehr in Mode war. Schumann selbst komponierte mehrere St\u00fccke f\u00fcr dieses einzigartige Instrument.<\/p>\n<p>Die der Kammermusik gewidmeten Konzerte finden am 2. und am 4. September im Teatro Russolo in Portogruaro mit dem international bekannten Ensemble Quartetto Prometeo statt. Au\u00dferdem wird am 3. September das einzige Quartett f\u00fcr Streichinstrumente von Giuseppe Verdi in Villa Correr Agazzi in Biverone, Gemeinde San Stino von der Musikgruppe Quartetto Eilat aufgef\u00fchrt.<\/p>\n<p>Schlie\u00dflich ist am 23. August im arch\u00e4ologischen Areal der fr\u00fchchristlichen Basilika in Concordia Sagittaria ein besonderer H\u00f6hepunkt vorgesehen: <strong>Das Kammermusik-Ensemble des Festivals von Portogruaro<\/strong> bietet Divertissements f\u00fcr Blasinstrumente aus den Werken von Verdi dar (Wiederholung am folgenden Tag in San Vito al Tagliamento). Eine einmalige Gelegenheit, unsterblichen Kompositionen an einer der sch\u00f6nsten St\u00e4tten Italiens mit einer tausendj\u00e4hrigen Geschichte zu lauschen.<\/p>\n<p><img loading=\"lazy\" decoding=\"async\" class=\"alignnone size-full wp-image-2546025\" src=\"https:\/\/www.lampo.it\/wp-content\/uploads\/2019\/08\/Opter-Ensemble-\u00a9-Vittorio-Battellini-1-rid.jpg\" alt=\"\" width=\"470\" height=\"300\" \/><\/p>\n<p>Sie werden beim H\u00f6ren dieser herrlichen Musik vor der Kulisse unserer herrlichen Gegend, die f\u00fcr ihre Gastfreundschaft, ihr Meer und die goldenen Str\u00e4nde bekannt, aber auch reich an Geschichte und Kultur f\u00fcr gemeinsame Erlebnisse ist, unvergessliche Momente erleben.<\/p>\n<p><a href=\"http:\/\/www.festivalportogruaro.it\/\"><strong>Klicken Sie hier<\/strong><\/a>, um das gesamte Programm des Festivals herunterzuladen.<\/p>\n","protected":false},"excerpt":{"rendered":"<p>Musikfestival von Portogruaro <\/p>\n","protected":false},"author":1,"featured_media":2546017,"comment_status":"open","ping_status":"closed","sticky":false,"template":"","format":"standard","meta":{"footnotes":""},"categories":[12],"tags":[],"class_list":["post-2546034","post","type-post","status-publish","format-standard","has-post-thumbnail","hentry","category-attivita"],"yoast_head":"<!-- This site is optimized with the Yoast SEO plugin v27.5 - https:\/\/yoast.com\/product\/yoast-seo-wordpress\/ -->\n<title>Romantische Paradigma - Agenzia Lampo<\/title>\n<meta name=\"robots\" content=\"index, follow, max-snippet:-1, max-image-preview:large, max-video-preview:-1\" \/>\n<link rel=\"canonical\" href=\"https:\/\/www.lampo.it\/aktivitat\/romantische-paradigma\/\" \/>\n<meta property=\"og:locale\" content=\"de_DE\" \/>\n<meta property=\"og:type\" content=\"article\" \/>\n<meta property=\"og:title\" content=\"Romantische Paradigma - Agenzia Lampo\" \/>\n<meta property=\"og:description\" content=\"Musikfestival von Portogruaro\" \/>\n<meta property=\"og:url\" content=\"https:\/\/www.lampo.it\/aktivitat\/romantische-paradigma\/\" \/>\n<meta property=\"og:site_name\" content=\"Agenzia Lampo\" \/>\n<meta property=\"article:published_time\" content=\"2019-08-19T09:00:14+00:00\" \/>\n<meta property=\"article:modified_time\" content=\"2025-07-24T11:31:04+00:00\" \/>\n<meta property=\"og:image\" content=\"https:\/\/www.lampo.it\/wp-content\/uploads\/2019\/08\/Prosseda-Roberto.jpg\" \/>\n\t<meta property=\"og:image:width\" content=\"470\" \/>\n\t<meta property=\"og:image:height\" content=\"300\" \/>\n\t<meta property=\"og:image:type\" content=\"image\/jpeg\" \/>\n<meta name=\"author\" content=\"Manuela Bellotto\" \/>\n<meta name=\"twitter:card\" content=\"summary_large_image\" \/>\n<meta name=\"twitter:label1\" content=\"Verfasst von\" \/>\n\t<meta name=\"twitter:data1\" content=\"Manuela Bellotto\" \/>\n\t<meta name=\"twitter:label2\" content=\"Gesch\u00e4tzte Lesezeit\" \/>\n\t<meta name=\"twitter:data2\" content=\"4\u00a0Minuten\" \/>\n<script type=\"application\/ld+json\" class=\"yoast-schema-graph\">{\"@context\":\"https:\\\/\\\/schema.org\",\"@graph\":[{\"@type\":\"Article\",\"@id\":\"https:\\\/\\\/www.lampo.it\\\/aktivitat\\\/romantische-paradigma\\\/#article\",\"isPartOf\":{\"@id\":\"https:\\\/\\\/www.lampo.it\\\/aktivitat\\\/romantische-paradigma\\\/\"},\"author\":{\"name\":\"Manuela Bellotto\",\"@id\":\"https:\\\/\\\/www.lampo.it\\\/#\\\/schema\\\/person\\\/1027fc4785e6a6e93fcc24f4c7b6a2c7\"},\"headline\":\"Romantische Paradigma\",\"datePublished\":\"2019-08-19T09:00:14+00:00\",\"dateModified\":\"2025-07-24T11:31:04+00:00\",\"mainEntityOfPage\":{\"@id\":\"https:\\\/\\\/www.lampo.it\\\/aktivitat\\\/romantische-paradigma\\\/\"},\"wordCount\":483,\"commentCount\":0,\"publisher\":{\"@id\":\"https:\\\/\\\/www.lampo.it\\\/#organization\"},\"image\":{\"@id\":\"https:\\\/\\\/www.lampo.it\\\/aktivitat\\\/romantische-paradigma\\\/#primaryimage\"},\"thumbnailUrl\":\"https:\\\/\\\/www.lampo.it\\\/wp-content\\\/uploads\\\/2019\\\/08\\\/Prosseda-Roberto.jpg\",\"articleSection\":[\"Attivit\u00e0\"],\"inLanguage\":\"de\",\"potentialAction\":[{\"@type\":\"CommentAction\",\"name\":\"Comment\",\"target\":[\"https:\\\/\\\/www.lampo.it\\\/aktivitat\\\/romantische-paradigma\\\/#respond\"]}]},{\"@type\":\"WebPage\",\"@id\":\"https:\\\/\\\/www.lampo.it\\\/aktivitat\\\/romantische-paradigma\\\/\",\"url\":\"https:\\\/\\\/www.lampo.it\\\/aktivitat\\\/romantische-paradigma\\\/\",\"name\":\"Romantische Paradigma - Agenzia Lampo\",\"isPartOf\":{\"@id\":\"https:\\\/\\\/www.lampo.it\\\/#website\"},\"primaryImageOfPage\":{\"@id\":\"https:\\\/\\\/www.lampo.it\\\/aktivitat\\\/romantische-paradigma\\\/#primaryimage\"},\"image\":{\"@id\":\"https:\\\/\\\/www.lampo.it\\\/aktivitat\\\/romantische-paradigma\\\/#primaryimage\"},\"thumbnailUrl\":\"https:\\\/\\\/www.lampo.it\\\/wp-content\\\/uploads\\\/2019\\\/08\\\/Prosseda-Roberto.jpg\",\"datePublished\":\"2019-08-19T09:00:14+00:00\",\"dateModified\":\"2025-07-24T11:31:04+00:00\",\"breadcrumb\":{\"@id\":\"https:\\\/\\\/www.lampo.it\\\/aktivitat\\\/romantische-paradigma\\\/#breadcrumb\"},\"inLanguage\":\"de\",\"potentialAction\":[{\"@type\":\"ReadAction\",\"target\":[\"https:\\\/\\\/www.lampo.it\\\/aktivitat\\\/romantische-paradigma\\\/\"]}]},{\"@type\":\"ImageObject\",\"inLanguage\":\"de\",\"@id\":\"https:\\\/\\\/www.lampo.it\\\/aktivitat\\\/romantische-paradigma\\\/#primaryimage\",\"url\":\"https:\\\/\\\/www.lampo.it\\\/wp-content\\\/uploads\\\/2019\\\/08\\\/Prosseda-Roberto.jpg\",\"contentUrl\":\"https:\\\/\\\/www.lampo.it\\\/wp-content\\\/uploads\\\/2019\\\/08\\\/Prosseda-Roberto.jpg\",\"width\":470,\"height\":300},{\"@type\":\"BreadcrumbList\",\"@id\":\"https:\\\/\\\/www.lampo.it\\\/aktivitat\\\/romantische-paradigma\\\/#breadcrumb\",\"itemListElement\":[{\"@type\":\"ListItem\",\"position\":1,\"name\":\"Home\",\"item\":\"https:\\\/\\\/www.lampo.it\\\/\"},{\"@type\":\"ListItem\",\"position\":2,\"name\":\"Romantische Paradigma\"}]},{\"@type\":\"WebSite\",\"@id\":\"https:\\\/\\\/www.lampo.it\\\/#website\",\"url\":\"https:\\\/\\\/www.lampo.it\\\/\",\"name\":\"Agenzia Lampo\",\"description\":\"Agenzia Lampo. Affitti brevi sulla Costa Veneta\",\"publisher\":{\"@id\":\"https:\\\/\\\/www.lampo.it\\\/#organization\"},\"potentialAction\":[{\"@type\":\"SearchAction\",\"target\":{\"@type\":\"EntryPoint\",\"urlTemplate\":\"https:\\\/\\\/www.lampo.it\\\/?s={search_term_string}\"},\"query-input\":{\"@type\":\"PropertyValueSpecification\",\"valueRequired\":true,\"valueName\":\"search_term_string\"}}],\"inLanguage\":\"de\"},{\"@type\":\"Organization\",\"@id\":\"https:\\\/\\\/www.lampo.it\\\/#organization\",\"name\":\"Agenzia Lampo\",\"url\":\"https:\\\/\\\/www.lampo.it\\\/\",\"logo\":{\"@type\":\"ImageObject\",\"inLanguage\":\"de\",\"@id\":\"https:\\\/\\\/www.lampo.it\\\/#\\\/schema\\\/logo\\\/image\\\/\",\"url\":\"https:\\\/\\\/www.lampo.it\\\/wp-content\\\/uploads\\\/2025\\\/07\\\/logo-lampo_ok_2012.png\",\"contentUrl\":\"https:\\\/\\\/www.lampo.it\\\/wp-content\\\/uploads\\\/2025\\\/07\\\/logo-lampo_ok_2012.png\",\"width\":349,\"height\":137,\"caption\":\"Agenzia Lampo\"},\"image\":{\"@id\":\"https:\\\/\\\/www.lampo.it\\\/#\\\/schema\\\/logo\\\/image\\\/\"}},{\"@type\":\"Person\",\"@id\":\"https:\\\/\\\/www.lampo.it\\\/#\\\/schema\\\/person\\\/1027fc4785e6a6e93fcc24f4c7b6a2c7\",\"name\":\"Manuela Bellotto\",\"image\":{\"@type\":\"ImageObject\",\"inLanguage\":\"de\",\"@id\":\"https:\\\/\\\/secure.gravatar.com\\\/avatar\\\/42a1de295add8c33fd5048ebdd390af14c654bb55f9af92cf9fd71f197d4ffc8?s=96&d=mm&r=g\",\"url\":\"https:\\\/\\\/secure.gravatar.com\\\/avatar\\\/42a1de295add8c33fd5048ebdd390af14c654bb55f9af92cf9fd71f197d4ffc8?s=96&d=mm&r=g\",\"contentUrl\":\"https:\\\/\\\/secure.gravatar.com\\\/avatar\\\/42a1de295add8c33fd5048ebdd390af14c654bb55f9af92cf9fd71f197d4ffc8?s=96&d=mm&r=g\",\"caption\":\"Manuela Bellotto\"},\"sameAs\":[\"https:\\\/\\\/www.lampo.it\"],\"url\":\"https:\\\/\\\/www.lampo.it\\\/de\\\/author\\\/avantioblog\\\/\"}]}<\/script>\n<!-- \/ Yoast SEO plugin. -->","yoast_head_json":{"title":"Romantische Paradigma - Agenzia Lampo","robots":{"index":"index","follow":"follow","max-snippet":"max-snippet:-1","max-image-preview":"max-image-preview:large","max-video-preview":"max-video-preview:-1"},"canonical":"https:\/\/www.lampo.it\/aktivitat\/romantische-paradigma\/","og_locale":"de_DE","og_type":"article","og_title":"Romantische Paradigma - Agenzia Lampo","og_description":"Musikfestival von Portogruaro","og_url":"https:\/\/www.lampo.it\/aktivitat\/romantische-paradigma\/","og_site_name":"Agenzia Lampo","article_published_time":"2019-08-19T09:00:14+00:00","article_modified_time":"2025-07-24T11:31:04+00:00","og_image":[{"width":470,"height":300,"url":"https:\/\/www.lampo.it\/wp-content\/uploads\/2019\/08\/Prosseda-Roberto.jpg","type":"image\/jpeg"}],"author":"Manuela Bellotto","twitter_card":"summary_large_image","twitter_misc":{"Verfasst von":"Manuela Bellotto","Gesch\u00e4tzte Lesezeit":"4\u00a0Minuten"},"schema":{"@context":"https:\/\/schema.org","@graph":[{"@type":"Article","@id":"https:\/\/www.lampo.it\/aktivitat\/romantische-paradigma\/#article","isPartOf":{"@id":"https:\/\/www.lampo.it\/aktivitat\/romantische-paradigma\/"},"author":{"name":"Manuela Bellotto","@id":"https:\/\/www.lampo.it\/#\/schema\/person\/1027fc4785e6a6e93fcc24f4c7b6a2c7"},"headline":"Romantische Paradigma","datePublished":"2019-08-19T09:00:14+00:00","dateModified":"2025-07-24T11:31:04+00:00","mainEntityOfPage":{"@id":"https:\/\/www.lampo.it\/aktivitat\/romantische-paradigma\/"},"wordCount":483,"commentCount":0,"publisher":{"@id":"https:\/\/www.lampo.it\/#organization"},"image":{"@id":"https:\/\/www.lampo.it\/aktivitat\/romantische-paradigma\/#primaryimage"},"thumbnailUrl":"https:\/\/www.lampo.it\/wp-content\/uploads\/2019\/08\/Prosseda-Roberto.jpg","articleSection":["Attivit\u00e0"],"inLanguage":"de","potentialAction":[{"@type":"CommentAction","name":"Comment","target":["https:\/\/www.lampo.it\/aktivitat\/romantische-paradigma\/#respond"]}]},{"@type":"WebPage","@id":"https:\/\/www.lampo.it\/aktivitat\/romantische-paradigma\/","url":"https:\/\/www.lampo.it\/aktivitat\/romantische-paradigma\/","name":"Romantische Paradigma - Agenzia Lampo","isPartOf":{"@id":"https:\/\/www.lampo.it\/#website"},"primaryImageOfPage":{"@id":"https:\/\/www.lampo.it\/aktivitat\/romantische-paradigma\/#primaryimage"},"image":{"@id":"https:\/\/www.lampo.it\/aktivitat\/romantische-paradigma\/#primaryimage"},"thumbnailUrl":"https:\/\/www.lampo.it\/wp-content\/uploads\/2019\/08\/Prosseda-Roberto.jpg","datePublished":"2019-08-19T09:00:14+00:00","dateModified":"2025-07-24T11:31:04+00:00","breadcrumb":{"@id":"https:\/\/www.lampo.it\/aktivitat\/romantische-paradigma\/#breadcrumb"},"inLanguage":"de","potentialAction":[{"@type":"ReadAction","target":["https:\/\/www.lampo.it\/aktivitat\/romantische-paradigma\/"]}]},{"@type":"ImageObject","inLanguage":"de","@id":"https:\/\/www.lampo.it\/aktivitat\/romantische-paradigma\/#primaryimage","url":"https:\/\/www.lampo.it\/wp-content\/uploads\/2019\/08\/Prosseda-Roberto.jpg","contentUrl":"https:\/\/www.lampo.it\/wp-content\/uploads\/2019\/08\/Prosseda-Roberto.jpg","width":470,"height":300},{"@type":"BreadcrumbList","@id":"https:\/\/www.lampo.it\/aktivitat\/romantische-paradigma\/#breadcrumb","itemListElement":[{"@type":"ListItem","position":1,"name":"Home","item":"https:\/\/www.lampo.it\/"},{"@type":"ListItem","position":2,"name":"Romantische Paradigma"}]},{"@type":"WebSite","@id":"https:\/\/www.lampo.it\/#website","url":"https:\/\/www.lampo.it\/","name":"Agenzia Lampo","description":"Agenzia Lampo. Affitti brevi sulla Costa Veneta","publisher":{"@id":"https:\/\/www.lampo.it\/#organization"},"potentialAction":[{"@type":"SearchAction","target":{"@type":"EntryPoint","urlTemplate":"https:\/\/www.lampo.it\/?s={search_term_string}"},"query-input":{"@type":"PropertyValueSpecification","valueRequired":true,"valueName":"search_term_string"}}],"inLanguage":"de"},{"@type":"Organization","@id":"https:\/\/www.lampo.it\/#organization","name":"Agenzia Lampo","url":"https:\/\/www.lampo.it\/","logo":{"@type":"ImageObject","inLanguage":"de","@id":"https:\/\/www.lampo.it\/#\/schema\/logo\/image\/","url":"https:\/\/www.lampo.it\/wp-content\/uploads\/2025\/07\/logo-lampo_ok_2012.png","contentUrl":"https:\/\/www.lampo.it\/wp-content\/uploads\/2025\/07\/logo-lampo_ok_2012.png","width":349,"height":137,"caption":"Agenzia Lampo"},"image":{"@id":"https:\/\/www.lampo.it\/#\/schema\/logo\/image\/"}},{"@type":"Person","@id":"https:\/\/www.lampo.it\/#\/schema\/person\/1027fc4785e6a6e93fcc24f4c7b6a2c7","name":"Manuela Bellotto","image":{"@type":"ImageObject","inLanguage":"de","@id":"https:\/\/secure.gravatar.com\/avatar\/42a1de295add8c33fd5048ebdd390af14c654bb55f9af92cf9fd71f197d4ffc8?s=96&d=mm&r=g","url":"https:\/\/secure.gravatar.com\/avatar\/42a1de295add8c33fd5048ebdd390af14c654bb55f9af92cf9fd71f197d4ffc8?s=96&d=mm&r=g","contentUrl":"https:\/\/secure.gravatar.com\/avatar\/42a1de295add8c33fd5048ebdd390af14c654bb55f9af92cf9fd71f197d4ffc8?s=96&d=mm&r=g","caption":"Manuela Bellotto"},"sameAs":["https:\/\/www.lampo.it"],"url":"https:\/\/www.lampo.it\/de\/author\/avantioblog\/"}]}},"_links":{"self":[{"href":"https:\/\/www.lampo.it\/de\/wp-json\/wp\/v2\/posts\/2546034","targetHints":{"allow":["GET"]}}],"collection":[{"href":"https:\/\/www.lampo.it\/de\/wp-json\/wp\/v2\/posts"}],"about":[{"href":"https:\/\/www.lampo.it\/de\/wp-json\/wp\/v2\/types\/post"}],"author":[{"embeddable":true,"href":"https:\/\/www.lampo.it\/de\/wp-json\/wp\/v2\/users\/1"}],"replies":[{"embeddable":true,"href":"https:\/\/www.lampo.it\/de\/wp-json\/wp\/v2\/comments?post=2546034"}],"version-history":[{"count":1,"href":"https:\/\/www.lampo.it\/de\/wp-json\/wp\/v2\/posts\/2546034\/revisions"}],"predecessor-version":[{"id":3176129,"href":"https:\/\/www.lampo.it\/de\/wp-json\/wp\/v2\/posts\/2546034\/revisions\/3176129"}],"wp:featuredmedia":[{"embeddable":true,"href":"https:\/\/www.lampo.it\/de\/wp-json\/wp\/v2\/media\/2546017"}],"wp:attachment":[{"href":"https:\/\/www.lampo.it\/de\/wp-json\/wp\/v2\/media?parent=2546034"}],"wp:term":[{"taxonomy":"category","embeddable":true,"href":"https:\/\/www.lampo.it\/de\/wp-json\/wp\/v2\/categories?post=2546034"},{"taxonomy":"post_tag","embeddable":true,"href":"https:\/\/www.lampo.it\/de\/wp-json\/wp\/v2\/tags?post=2546034"}],"curies":[{"name":"wp","href":"https:\/\/api.w.org\/{rel}","templated":true}]}}