{"id":2958160,"date":"2021-11-15T09:00:00","date_gmt":"2021-11-15T08:00:00","guid":{"rendered":"https:\/\/www.lampo.it\/?p=2958160"},"modified":"2025-07-21T08:55:55","modified_gmt":"2025-07-21T08:55:55","slug":"ausflug-zu-den-caglieron-hoehlen","status":"publish","type":"post","link":"https:\/\/www.lampo.it\/de\/aktivitat\/ausflug-zu-den-caglieron-hoehlen\/","title":{"rendered":"Ausflug zu den Caglieron-H\u00f6hlen"},"content":{"rendered":"<p>Zu den unz\u00e4hligen Aktivit\u00e4ten und Dienstleistungen, die in der Region Venetien angeboten werden, geh\u00f6rt auch ein Ausflug, den wir Ihnen heute beschreiben m\u00f6chten, da sich die Tour wirklich lohnt und mit der ganzen Familie oder mit Freunden unternommen werden kann.<\/p>\n<h2><strong>Erkundung der Grotten von Caglieron<\/strong><\/h2>\n<p>Das Ausflugsziel sind die Grotte del Caglieron in Breda di Fregona, Provinz Treviso, etwa 80 km von den Str\u00e4nden Venetiens entfernt. Verbringen Sie einen Tag in diesem Park mit seinen atemberaubenden Wasserf\u00e4llen, H\u00f6hlen und Schluchten, die zum Teil nat\u00fcrlichen Ursprungs sind und vor 16 bis 10 Millionen Jahre entstanden, aber auch k\u00fcnstlich geschaffen wurden (durch den Abbau des Sandsteins, der im 16. Jahrhundert f\u00fcr die T\u00fcr- und Fenstereinfassungen der Herrenh\u00e4user in der Umgebung verwendet wurde). Im tiefsten Bereich der Canyons sind an den W\u00e4nden gro\u00dfe Konkretionen aus Kalkstein zu sehen, die das Gew\u00f6lbe teilweise verschlie\u00dfen und der Grotte das Aussehen einer verwunschenen H\u00f6hle verleihen.<\/p>\n<p><img fetchpriority=\"high\" decoding=\"async\" class=\"alignnone size-full wp-image-2958120\" src=\"https:\/\/www.lampo.it\/wp-content\/uploads\/2021\/11\/1.jpg\" alt=\"\" width=\"470\" height=\"300\" \/><\/p>\n<h3><strong>Die Strecke<\/strong><\/h3>\n<p>Die etwa 1 km lange Route beginnt gleich hinter dem Besucherzentrum, f\u00fchrt \u00fcber eine Fu\u00dfg\u00e4ngerbr\u00fccke, die den Bach Caglieron \u00fcberquert, und dann auf einem breiten Pfad nach unten. Der Weg ist mit einer Reihe von Informationstafeln ausgeschildert, die Sie \u00fcber den Ort und die Sehensw\u00fcrdigkeiten informieren, denen Sie unterwegs begegnen. Ein St\u00fcck weiter f\u00fchrt ein Holzsteg zur H\u00f6hle, in der die K\u00e4selaibe des Caseificio Soligo reifen, bekannte, lokale Null-Kilometer-Erzeugnisse, die Sie unbedingt probieren sollten &#8211; nicht nur, um eine unvergessliche Erinnerung an diesen verwunschenen Ort zu haben. Auf dem R\u00fcckweg kommt man zu einem Aussichtspunkt in Form eines Schiffbugs, der einen herrlichen Ausblick auf die herrliche, nat\u00fcrliche Schlucht bietet, die man auf zum Teil schwebenden Stegen \u00fcberquert.<\/p>\n<h6>Ph.Credit: https:\/\/www.prolocofregona.it\/<\/h6>\n<p><img decoding=\"async\" class=\"alignnone size-full wp-image-2958131\" src=\"https:\/\/www.lampo.it\/wp-content\/uploads\/2021\/11\/grotte-del-caglieron.jpg\" alt=\"\" width=\"470\" height=\"300\" \/><\/p>\n<p>Am Ende der Strecke f\u00fchrt der befestigte Weg zu einer alten M\u00fchle, in der heute ein Restaurant eingerichtet ist. Folgt man den Hinweisschildern, gelangt man zum Mulinetto, einem historischen zweist\u00f6ckigen M\u00fchlengeb\u00e4ude, in dem Fotoausstellungen und Events stattfinden, das aber auch besichtigt werden kann: Wenn man in den zweiten Stock hinaufsteigt, blickt man auf den nahe gelegenen Wasserfall.<\/p>\n<p>Die Grotte del Caglieron sind ein ideales Ausflugsziel &#8211; sowohl im Sommer dank ihrer K\u00fchle als auch im Winter wegen der beeindruckenden Eisstalaktiten. Aus diesem Grund sind sie auch f\u00fcr Workshops zur Umwelterziehung geeignet und werden jedes Jahr von zahlreichen G\u00e4sten besucht.<\/p>\n<p><img decoding=\"async\" class=\"alignnone size-full wp-image-2958136\" src=\"https:\/\/www.lampo.it\/wp-content\/uploads\/2021\/11\/4.jpg\" alt=\"\" width=\"470\" height=\"300\" \/><\/p>\n<h3><strong>\u00d6ffnungszeiten und Preise<\/strong><\/h3>\n<p>Besuche an Wochentagen: 10:00 &#8211; 17:00 Uhr (letzter Einlass)<\/p>\n<p>Bar und Infopoint: 10:00 &#8211; 17:30 Uhr (letzter Einlass)<\/p>\n<p>Besuche an Sonn- und Feiertagen: 10:00 &#8211; 17:30 Uhr (letzter Einlass)<\/p>\n<p>Bar und Infopoint: 10:00 &#8211; 18:00 Uhr (letzter Einlass)<\/p>\n<p>Vollpreiskarte mit Naturf\u00fchrer: 5,00 \u20ac<\/p>\n<p>Erm\u00e4\u00dfigter Eintritt f\u00fcr Gruppen: 3,00 \u20ac<\/p>\n<p><img loading=\"lazy\" decoding=\"async\" class=\"alignnone size-full wp-image-2958141\" src=\"https:\/\/www.lampo.it\/wp-content\/uploads\/2021\/11\/2.jpg\" alt=\"\" width=\"470\" height=\"300\" \/><\/p>\n<p>Wann planen Sie Ihre n\u00e4chste Reise in die Region Venetien? F\u00fcr weitere Informationen \u00fcber Tagesausfl\u00fcge in Venetien lesen Sie auch:<\/p>\n<p><a href=\"https:\/\/www.lampo.it\/de\/aktivitat\/slow-tourism-langsamer-urlaub-in-venetien\/\">Slow Tourism &#8211; langsamer Tourismus in Venetien<\/a><\/p>\n<p><a href=\"https:\/\/www.lampo.it\/de\/neugier\/ein-tag-in-treviso\/\">Ein Tag in Treviso<\/a><\/p>\n<p><a href=\"https:\/\/www.lampo.it\/de\/aktivitat\/die-besten-tagesausfluege-in-venetien\/\">Ein Tagesausflug in Venetien<\/a><\/p>\n<p><a href=\"https:\/\/www.lampo.it\/de\/aktivitat\/die-lagune-wunderbare-erstaunliche-landschaft\/\">Die Lagune \u2013 eine Tour mit \u00dcberraschungen<\/a><\/p>\n","protected":false},"excerpt":{"rendered":"<p>Du wirst begeistert sein!<\/p>\n","protected":false},"author":1,"featured_media":2958128,"comment_status":"open","ping_status":"closed","sticky":false,"template":"","format":"standard","meta":{"footnotes":""},"categories":[14],"tags":[],"class_list":["post-2958160","post","type-post","status-publish","format-standard","has-post-thumbnail","hentry","category-aktivitat"],"yoast_head":"<!-- This site is optimized with the Yoast SEO plugin v27.5 - https:\/\/yoast.com\/product\/yoast-seo-wordpress\/ -->\n<title>Ausflug zu den Caglieron-H\u00f6hlen - Agenzia Lampo<\/title>\n<meta name=\"robots\" content=\"index, follow, max-snippet:-1, max-image-preview:large, max-video-preview:-1\" \/>\n<link rel=\"canonical\" href=\"https:\/\/www.lampo.it\/de\/aktivitat\/ausflug-zu-den-caglieron-hoehlen\/\" \/>\n<meta property=\"og:locale\" content=\"de_DE\" \/>\n<meta property=\"og:type\" content=\"article\" \/>\n<meta property=\"og:title\" content=\"Ausflug zu den Caglieron-H\u00f6hlen - Agenzia Lampo\" \/>\n<meta property=\"og:description\" content=\"Du wirst begeistert sein!\" \/>\n<meta property=\"og:url\" content=\"https:\/\/www.lampo.it\/de\/aktivitat\/ausflug-zu-den-caglieron-hoehlen\/\" \/>\n<meta property=\"og:site_name\" content=\"Agenzia Lampo\" \/>\n<meta property=\"article:published_time\" content=\"2021-11-15T08:00:00+00:00\" \/>\n<meta property=\"article:modified_time\" content=\"2025-07-21T08:55:55+00:00\" \/>\n<meta property=\"og:image\" content=\"https:\/\/www.lampo.it\/wp-content\/uploads\/2021\/11\/grotte-del-caglieron.jpg\" \/>\n\t<meta property=\"og:image:width\" content=\"470\" \/>\n\t<meta property=\"og:image:height\" content=\"300\" \/>\n\t<meta property=\"og:image:type\" content=\"image\/jpeg\" \/>\n<meta name=\"author\" content=\"Manuela Bellotto\" \/>\n<meta name=\"twitter:card\" content=\"summary_large_image\" \/>\n<meta name=\"twitter:label1\" content=\"Verfasst von\" \/>\n\t<meta name=\"twitter:data1\" content=\"Manuela Bellotto\" \/>\n\t<meta name=\"twitter:label2\" content=\"Gesch\u00e4tzte Lesezeit\" \/>\n\t<meta name=\"twitter:data2\" content=\"3\u00a0Minuten\" \/>\n<script type=\"application\/ld+json\" class=\"yoast-schema-graph\">{\"@context\":\"https:\\\/\\\/schema.org\",\"@graph\":[{\"@type\":\"Article\",\"@id\":\"https:\\\/\\\/www.lampo.it\\\/de\\\/aktivitat\\\/ausflug-zu-den-caglieron-hoehlen\\\/#article\",\"isPartOf\":{\"@id\":\"https:\\\/\\\/www.lampo.it\\\/de\\\/aktivitat\\\/ausflug-zu-den-caglieron-hoehlen\\\/\"},\"author\":{\"name\":\"Manuela Bellotto\",\"@id\":\"https:\\\/\\\/www.lampo.it\\\/#\\\/schema\\\/person\\\/1027fc4785e6a6e93fcc24f4c7b6a2c7\"},\"headline\":\"Ausflug zu den Caglieron-H\u00f6hlen\",\"datePublished\":\"2021-11-15T08:00:00+00:00\",\"dateModified\":\"2025-07-21T08:55:55+00:00\",\"mainEntityOfPage\":{\"@id\":\"https:\\\/\\\/www.lampo.it\\\/de\\\/aktivitat\\\/ausflug-zu-den-caglieron-hoehlen\\\/\"},\"wordCount\":496,\"commentCount\":0,\"publisher\":{\"@id\":\"https:\\\/\\\/www.lampo.it\\\/#organization\"},\"image\":{\"@id\":\"https:\\\/\\\/www.lampo.it\\\/de\\\/aktivitat\\\/ausflug-zu-den-caglieron-hoehlen\\\/#primaryimage\"},\"thumbnailUrl\":\"https:\\\/\\\/www.lampo.it\\\/wp-content\\\/uploads\\\/2021\\\/11\\\/grotte-del-caglieron.jpg\",\"articleSection\":[\"Aktivit\u00e4t\"],\"inLanguage\":\"de\",\"potentialAction\":[{\"@type\":\"CommentAction\",\"name\":\"Comment\",\"target\":[\"https:\\\/\\\/www.lampo.it\\\/de\\\/aktivitat\\\/ausflug-zu-den-caglieron-hoehlen\\\/#respond\"]}]},{\"@type\":\"WebPage\",\"@id\":\"https:\\\/\\\/www.lampo.it\\\/de\\\/aktivitat\\\/ausflug-zu-den-caglieron-hoehlen\\\/\",\"url\":\"https:\\\/\\\/www.lampo.it\\\/de\\\/aktivitat\\\/ausflug-zu-den-caglieron-hoehlen\\\/\",\"name\":\"Ausflug zu den Caglieron-H\u00f6hlen - Agenzia Lampo\",\"isPartOf\":{\"@id\":\"https:\\\/\\\/www.lampo.it\\\/#website\"},\"primaryImageOfPage\":{\"@id\":\"https:\\\/\\\/www.lampo.it\\\/de\\\/aktivitat\\\/ausflug-zu-den-caglieron-hoehlen\\\/#primaryimage\"},\"image\":{\"@id\":\"https:\\\/\\\/www.lampo.it\\\/de\\\/aktivitat\\\/ausflug-zu-den-caglieron-hoehlen\\\/#primaryimage\"},\"thumbnailUrl\":\"https:\\\/\\\/www.lampo.it\\\/wp-content\\\/uploads\\\/2021\\\/11\\\/grotte-del-caglieron.jpg\",\"datePublished\":\"2021-11-15T08:00:00+00:00\",\"dateModified\":\"2025-07-21T08:55:55+00:00\",\"breadcrumb\":{\"@id\":\"https:\\\/\\\/www.lampo.it\\\/de\\\/aktivitat\\\/ausflug-zu-den-caglieron-hoehlen\\\/#breadcrumb\"},\"inLanguage\":\"de\",\"potentialAction\":[{\"@type\":\"ReadAction\",\"target\":[\"https:\\\/\\\/www.lampo.it\\\/de\\\/aktivitat\\\/ausflug-zu-den-caglieron-hoehlen\\\/\"]}]},{\"@type\":\"ImageObject\",\"inLanguage\":\"de\",\"@id\":\"https:\\\/\\\/www.lampo.it\\\/de\\\/aktivitat\\\/ausflug-zu-den-caglieron-hoehlen\\\/#primaryimage\",\"url\":\"https:\\\/\\\/www.lampo.it\\\/wp-content\\\/uploads\\\/2021\\\/11\\\/grotte-del-caglieron.jpg\",\"contentUrl\":\"https:\\\/\\\/www.lampo.it\\\/wp-content\\\/uploads\\\/2021\\\/11\\\/grotte-del-caglieron.jpg\",\"width\":470,\"height\":300},{\"@type\":\"BreadcrumbList\",\"@id\":\"https:\\\/\\\/www.lampo.it\\\/de\\\/aktivitat\\\/ausflug-zu-den-caglieron-hoehlen\\\/#breadcrumb\",\"itemListElement\":[{\"@type\":\"ListItem\",\"position\":1,\"name\":\"Home\",\"item\":\"https:\\\/\\\/www.lampo.it\\\/\"},{\"@type\":\"ListItem\",\"position\":2,\"name\":\"Ausflug zu den Caglieron-H\u00f6hlen\"}]},{\"@type\":\"WebSite\",\"@id\":\"https:\\\/\\\/www.lampo.it\\\/#website\",\"url\":\"https:\\\/\\\/www.lampo.it\\\/\",\"name\":\"Agenzia Lampo\",\"description\":\"Agenzia Lampo. Affitti brevi sulla Costa Veneta\",\"publisher\":{\"@id\":\"https:\\\/\\\/www.lampo.it\\\/#organization\"},\"potentialAction\":[{\"@type\":\"SearchAction\",\"target\":{\"@type\":\"EntryPoint\",\"urlTemplate\":\"https:\\\/\\\/www.lampo.it\\\/?s={search_term_string}\"},\"query-input\":{\"@type\":\"PropertyValueSpecification\",\"valueRequired\":true,\"valueName\":\"search_term_string\"}}],\"inLanguage\":\"de\"},{\"@type\":\"Organization\",\"@id\":\"https:\\\/\\\/www.lampo.it\\\/#organization\",\"name\":\"Agenzia Lampo\",\"url\":\"https:\\\/\\\/www.lampo.it\\\/\",\"logo\":{\"@type\":\"ImageObject\",\"inLanguage\":\"de\",\"@id\":\"https:\\\/\\\/www.lampo.it\\\/#\\\/schema\\\/logo\\\/image\\\/\",\"url\":\"https:\\\/\\\/www.lampo.it\\\/wp-content\\\/uploads\\\/2025\\\/07\\\/logo-lampo_ok_2012.png\",\"contentUrl\":\"https:\\\/\\\/www.lampo.it\\\/wp-content\\\/uploads\\\/2025\\\/07\\\/logo-lampo_ok_2012.png\",\"width\":349,\"height\":137,\"caption\":\"Agenzia Lampo\"},\"image\":{\"@id\":\"https:\\\/\\\/www.lampo.it\\\/#\\\/schema\\\/logo\\\/image\\\/\"}},{\"@type\":\"Person\",\"@id\":\"https:\\\/\\\/www.lampo.it\\\/#\\\/schema\\\/person\\\/1027fc4785e6a6e93fcc24f4c7b6a2c7\",\"name\":\"Manuela Bellotto\",\"image\":{\"@type\":\"ImageObject\",\"inLanguage\":\"de\",\"@id\":\"https:\\\/\\\/secure.gravatar.com\\\/avatar\\\/42a1de295add8c33fd5048ebdd390af14c654bb55f9af92cf9fd71f197d4ffc8?s=96&d=mm&r=g\",\"url\":\"https:\\\/\\\/secure.gravatar.com\\\/avatar\\\/42a1de295add8c33fd5048ebdd390af14c654bb55f9af92cf9fd71f197d4ffc8?s=96&d=mm&r=g\",\"contentUrl\":\"https:\\\/\\\/secure.gravatar.com\\\/avatar\\\/42a1de295add8c33fd5048ebdd390af14c654bb55f9af92cf9fd71f197d4ffc8?s=96&d=mm&r=g\",\"caption\":\"Manuela Bellotto\"},\"sameAs\":[\"https:\\\/\\\/www.lampo.it\"],\"url\":\"https:\\\/\\\/www.lampo.it\\\/de\\\/author\\\/avantioblog\\\/\"}]}<\/script>\n<!-- \/ Yoast SEO plugin. -->","yoast_head_json":{"title":"Ausflug zu den Caglieron-H\u00f6hlen - Agenzia Lampo","robots":{"index":"index","follow":"follow","max-snippet":"max-snippet:-1","max-image-preview":"max-image-preview:large","max-video-preview":"max-video-preview:-1"},"canonical":"https:\/\/www.lampo.it\/de\/aktivitat\/ausflug-zu-den-caglieron-hoehlen\/","og_locale":"de_DE","og_type":"article","og_title":"Ausflug zu den Caglieron-H\u00f6hlen - Agenzia Lampo","og_description":"Du wirst begeistert sein!","og_url":"https:\/\/www.lampo.it\/de\/aktivitat\/ausflug-zu-den-caglieron-hoehlen\/","og_site_name":"Agenzia Lampo","article_published_time":"2021-11-15T08:00:00+00:00","article_modified_time":"2025-07-21T08:55:55+00:00","og_image":[{"width":470,"height":300,"url":"https:\/\/www.lampo.it\/wp-content\/uploads\/2021\/11\/grotte-del-caglieron.jpg","type":"image\/jpeg"}],"author":"Manuela Bellotto","twitter_card":"summary_large_image","twitter_misc":{"Verfasst von":"Manuela Bellotto","Gesch\u00e4tzte Lesezeit":"3\u00a0Minuten"},"schema":{"@context":"https:\/\/schema.org","@graph":[{"@type":"Article","@id":"https:\/\/www.lampo.it\/de\/aktivitat\/ausflug-zu-den-caglieron-hoehlen\/#article","isPartOf":{"@id":"https:\/\/www.lampo.it\/de\/aktivitat\/ausflug-zu-den-caglieron-hoehlen\/"},"author":{"name":"Manuela Bellotto","@id":"https:\/\/www.lampo.it\/#\/schema\/person\/1027fc4785e6a6e93fcc24f4c7b6a2c7"},"headline":"Ausflug zu den Caglieron-H\u00f6hlen","datePublished":"2021-11-15T08:00:00+00:00","dateModified":"2025-07-21T08:55:55+00:00","mainEntityOfPage":{"@id":"https:\/\/www.lampo.it\/de\/aktivitat\/ausflug-zu-den-caglieron-hoehlen\/"},"wordCount":496,"commentCount":0,"publisher":{"@id":"https:\/\/www.lampo.it\/#organization"},"image":{"@id":"https:\/\/www.lampo.it\/de\/aktivitat\/ausflug-zu-den-caglieron-hoehlen\/#primaryimage"},"thumbnailUrl":"https:\/\/www.lampo.it\/wp-content\/uploads\/2021\/11\/grotte-del-caglieron.jpg","articleSection":["Aktivit\u00e4t"],"inLanguage":"de","potentialAction":[{"@type":"CommentAction","name":"Comment","target":["https:\/\/www.lampo.it\/de\/aktivitat\/ausflug-zu-den-caglieron-hoehlen\/#respond"]}]},{"@type":"WebPage","@id":"https:\/\/www.lampo.it\/de\/aktivitat\/ausflug-zu-den-caglieron-hoehlen\/","url":"https:\/\/www.lampo.it\/de\/aktivitat\/ausflug-zu-den-caglieron-hoehlen\/","name":"Ausflug zu den Caglieron-H\u00f6hlen - Agenzia Lampo","isPartOf":{"@id":"https:\/\/www.lampo.it\/#website"},"primaryImageOfPage":{"@id":"https:\/\/www.lampo.it\/de\/aktivitat\/ausflug-zu-den-caglieron-hoehlen\/#primaryimage"},"image":{"@id":"https:\/\/www.lampo.it\/de\/aktivitat\/ausflug-zu-den-caglieron-hoehlen\/#primaryimage"},"thumbnailUrl":"https:\/\/www.lampo.it\/wp-content\/uploads\/2021\/11\/grotte-del-caglieron.jpg","datePublished":"2021-11-15T08:00:00+00:00","dateModified":"2025-07-21T08:55:55+00:00","breadcrumb":{"@id":"https:\/\/www.lampo.it\/de\/aktivitat\/ausflug-zu-den-caglieron-hoehlen\/#breadcrumb"},"inLanguage":"de","potentialAction":[{"@type":"ReadAction","target":["https:\/\/www.lampo.it\/de\/aktivitat\/ausflug-zu-den-caglieron-hoehlen\/"]}]},{"@type":"ImageObject","inLanguage":"de","@id":"https:\/\/www.lampo.it\/de\/aktivitat\/ausflug-zu-den-caglieron-hoehlen\/#primaryimage","url":"https:\/\/www.lampo.it\/wp-content\/uploads\/2021\/11\/grotte-del-caglieron.jpg","contentUrl":"https:\/\/www.lampo.it\/wp-content\/uploads\/2021\/11\/grotte-del-caglieron.jpg","width":470,"height":300},{"@type":"BreadcrumbList","@id":"https:\/\/www.lampo.it\/de\/aktivitat\/ausflug-zu-den-caglieron-hoehlen\/#breadcrumb","itemListElement":[{"@type":"ListItem","position":1,"name":"Home","item":"https:\/\/www.lampo.it\/"},{"@type":"ListItem","position":2,"name":"Ausflug zu den Caglieron-H\u00f6hlen"}]},{"@type":"WebSite","@id":"https:\/\/www.lampo.it\/#website","url":"https:\/\/www.lampo.it\/","name":"Agenzia Lampo","description":"Agenzia Lampo. Affitti brevi sulla Costa Veneta","publisher":{"@id":"https:\/\/www.lampo.it\/#organization"},"potentialAction":[{"@type":"SearchAction","target":{"@type":"EntryPoint","urlTemplate":"https:\/\/www.lampo.it\/?s={search_term_string}"},"query-input":{"@type":"PropertyValueSpecification","valueRequired":true,"valueName":"search_term_string"}}],"inLanguage":"de"},{"@type":"Organization","@id":"https:\/\/www.lampo.it\/#organization","name":"Agenzia Lampo","url":"https:\/\/www.lampo.it\/","logo":{"@type":"ImageObject","inLanguage":"de","@id":"https:\/\/www.lampo.it\/#\/schema\/logo\/image\/","url":"https:\/\/www.lampo.it\/wp-content\/uploads\/2025\/07\/logo-lampo_ok_2012.png","contentUrl":"https:\/\/www.lampo.it\/wp-content\/uploads\/2025\/07\/logo-lampo_ok_2012.png","width":349,"height":137,"caption":"Agenzia Lampo"},"image":{"@id":"https:\/\/www.lampo.it\/#\/schema\/logo\/image\/"}},{"@type":"Person","@id":"https:\/\/www.lampo.it\/#\/schema\/person\/1027fc4785e6a6e93fcc24f4c7b6a2c7","name":"Manuela Bellotto","image":{"@type":"ImageObject","inLanguage":"de","@id":"https:\/\/secure.gravatar.com\/avatar\/42a1de295add8c33fd5048ebdd390af14c654bb55f9af92cf9fd71f197d4ffc8?s=96&d=mm&r=g","url":"https:\/\/secure.gravatar.com\/avatar\/42a1de295add8c33fd5048ebdd390af14c654bb55f9af92cf9fd71f197d4ffc8?s=96&d=mm&r=g","contentUrl":"https:\/\/secure.gravatar.com\/avatar\/42a1de295add8c33fd5048ebdd390af14c654bb55f9af92cf9fd71f197d4ffc8?s=96&d=mm&r=g","caption":"Manuela Bellotto"},"sameAs":["https:\/\/www.lampo.it"],"url":"https:\/\/www.lampo.it\/de\/author\/avantioblog\/"}]}},"_links":{"self":[{"href":"https:\/\/www.lampo.it\/de\/wp-json\/wp\/v2\/posts\/2958160","targetHints":{"allow":["GET"]}}],"collection":[{"href":"https:\/\/www.lampo.it\/de\/wp-json\/wp\/v2\/posts"}],"about":[{"href":"https:\/\/www.lampo.it\/de\/wp-json\/wp\/v2\/types\/post"}],"author":[{"embeddable":true,"href":"https:\/\/www.lampo.it\/de\/wp-json\/wp\/v2\/users\/1"}],"replies":[{"embeddable":true,"href":"https:\/\/www.lampo.it\/de\/wp-json\/wp\/v2\/comments?post=2958160"}],"version-history":[{"count":1,"href":"https:\/\/www.lampo.it\/de\/wp-json\/wp\/v2\/posts\/2958160\/revisions"}],"predecessor-version":[{"id":3175919,"href":"https:\/\/www.lampo.it\/de\/wp-json\/wp\/v2\/posts\/2958160\/revisions\/3175919"}],"wp:featuredmedia":[{"embeddable":true,"href":"https:\/\/www.lampo.it\/de\/wp-json\/wp\/v2\/media\/2958128"}],"wp:attachment":[{"href":"https:\/\/www.lampo.it\/de\/wp-json\/wp\/v2\/media?parent=2958160"}],"wp:term":[{"taxonomy":"category","embeddable":true,"href":"https:\/\/www.lampo.it\/de\/wp-json\/wp\/v2\/categories?post=2958160"},{"taxonomy":"post_tag","embeddable":true,"href":"https:\/\/www.lampo.it\/de\/wp-json\/wp\/v2\/tags?post=2958160"}],"curies":[{"name":"wp","href":"https:\/\/api.w.org\/{rel}","templated":true}]}}