{"id":3005534,"date":"2022-03-28T09:51:00","date_gmt":"2022-03-28T09:51:00","guid":{"rendered":"https:\/\/www.lampo.it\/?p=3005534"},"modified":"2025-07-21T08:11:55","modified_gmt":"2025-07-21T08:11:55","slug":"kathedrale-und-historischen-wahrzeichen","status":"publish","type":"post","link":"https:\/\/www.lampo.it\/de\/neugier\/kathedrale-und-historischen-wahrzeichen\/","title":{"rendered":"Kathedrale und historischen Wahrzeichen"},"content":{"rendered":"<p>Caorle ist in Italien und im Ausland als <strong>Badeort <\/strong>bekannt, der aus einfachen Fischerd\u00f6rfern entstand und sich im Laufe der Zeit in eine fr\u00f6hliche Altstadt mit kunterbunten H\u00e4usern verwandelt hat. Die Stadt wurde von illustren Pers\u00f6nlichkeiten des 20. Jahrhunderts gepriesen, von denen Hemingway vielleicht die bekannteste ist, und geh\u00f6rt heute zu den meist besuchten italienischen Reisezielen am Meer.<\/p>\n<p><img fetchpriority=\"high\" decoding=\"async\" class=\"alignnone size-full wp-image-3005505\" src=\"https:\/\/www.lampo.it\/wp-content\/uploads\/2022\/03\/caorle-centro.jpg\" alt=\"\" width=\"470\" height=\"300\" \/><\/p>\n<p>In Wirklichkeit hat Caorle <strong>viel \u00e4ltere Urspr\u00fcnge<\/strong>, die zum heutigen Gepr\u00e4ge der Stadt beitrugen. So erfreute sie sich zum Beispiel im sp\u00e4ten Mittelalter eines gr\u00f6\u00dferen Wohlstandes als Aquileia und Venedig und spielte auf politischer und religi\u00f6ser Ebene eine bedeutendere Rolle. Dar\u00fcber hinaus befand sich dort schon unter dem R\u00f6mischen Reich ein wichtiger Seehafen der Oberen Adria, der mit der Stadt Concordia Sagittaria im Hinterland verbunden war. Verschiedene Zeugnisse belegen diese glorreiche Vergangenheit, darunter vor allem die Baudenkm\u00e4ler und in erster Linie die Kathedrale.<\/p>\n<p><img decoding=\"async\" class=\"alignnone size-full wp-image-3005510\" src=\"https:\/\/www.lampo.it\/wp-content\/uploads\/2022\/03\/caorle.jpg\" alt=\"\" width=\"470\" height=\"300\" \/><\/p>\n<h2><strong>Die Kathedrale: Geschichte und Architektur<\/strong><\/h2>\n<p>Die Kathedrale von Caorle oder der <strong>Dom Sankt Stephanus Erzm\u00e4rtyrer<\/strong> wurde im 11. Jahrhundert auf den Ruinen einer fr\u00fchchristlichen Basilika errichtet, blickt auf die Piazza Vescovado und ist das \u00e4lteste und wichtigste Geb\u00e4ude der Stadt. Es wurde im romanischen Stil mit byzantinischen und ravennischen Einfl\u00fcssen gestaltet und zeigt die Bauform einer dreischiffigen Basilika. Entsprechend der damaligen christlichen Tradition wurde die Kirche von Westen nach Osten ausgerichtet und hat ihren Eingang auf der Westseite, damit die Gl\u00e4ubigen w\u00e4hrend der Messe nach Osten blicken.<\/p>\n<p>Die Kathedrale kann tags\u00fcber immer dann besichtigt werden, wenn keine religi\u00f6sen Veranstaltungen darin stattfinden (im Sommer bis 23 Uhr; f\u00fcr Informationen: Parrocchia S. Stefano +39.0421.81028), F\u00fchrungen k\u00f6nnen bei Herrn Roi unter der Nummer +39.3393638 9541 angemeldet werden.<\/p>\n<p><strong>Uhrzeiten der Hl. Messen in der Kathedrale von Caorle<\/strong>:<\/p>\n<p><strong>Wochentags<\/strong> 7.00 Uhr (Montag bis Freitag)<\/p>\n<p>8.30 Uhr (Samstag)<\/p>\n<p>18.30 Uhr (Dienstag bis Freitag)<\/p>\n<p><strong>Vorfesttage<\/strong> (Samstag und Vorfeiertage) 18.30 Uhr<\/p>\n<p><strong>Sonn- und Feiertage<\/strong> 8.00 Uhr; 9.30 Uhr (gesungene Messe); 11.00 Uhr; 18.15 Uhr (Abendandacht); 19.00 Uhr<\/p>\n<p><img decoding=\"async\" class=\"alignnone size-full wp-image-3005515\" src=\"https:\/\/www.lampo.it\/wp-content\/uploads\/2022\/03\/duomo.jpg\" alt=\"\" width=\"470\" height=\"300\" \/><\/p>\n<h2><strong>Das \u201eMuseo del Tesoro del Duomo\u201d (Domschatz- oder Liturgiemuseum) von Caorle<\/strong><\/h2>\n<p>Die Kathedrale birgt <strong>Kunstwerke von unsch\u00e4tzbarem Wert<\/strong>, die als regelrechte Sch\u00e4tze zu betrachten sind. Darunter befinden sich neben anderen<\/p>\n<ul>\n<li>ein r\u00f6mischer Begr\u00e4bnisaltar aus dem 1. Jh. n. Chr. (der Licovia-Altar unter dem Tabernakel)<\/li>\n<li>die Altartafel aus dem 13. bis 14. Jh. hinter dem Hauptaltar (ein Meisterwerk venezianischer Goldschmiedekunst mit byzantinisch beeinflussten Stilelementen)<\/li>\n<li>ein h\u00f6lzernes Kruzifix aus dem 15. Jh.<\/li>\n<li>das Fresko des Heiligen Christophorus (15. Jh.)<\/li>\n<li>ein Taufbecken aus dem Jahre 1587 und eindrucksvolle Gem\u00e4lde der venezianischen Schule des 16. und 17. Jahrhunderts.<\/li>\n<\/ul>\n<p>Ge\u00f6ffnet f\u00fcr die Besichtigung: im Sommer samstags von 20.00 bis 22.00 Uhr und sonntags von 10.00 bis 12.00 Uhr sowie von 20.00 bis 22.00 Uhr. (F\u00fcr weitere Informationen wenden Sie sich bitte an die Vereinigung Sant&#8217;Apollonia unter +39.041.2702464).<\/p>\n<p><img loading=\"lazy\" decoding=\"async\" class=\"alignnone size-full wp-image-3005520\" src=\"https:\/\/www.lampo.it\/wp-content\/uploads\/2022\/03\/museo.jpg\" alt=\"\" width=\"470\" height=\"300\" \/><\/p>\n<h2><strong>Der Glockenturm<\/strong><\/h2>\n<p>Der <strong>Glockenturm von Caorle<\/strong> ist das Wahrzeichen der Stadt und einer der wenigen noch erhaltenen, die eine zylindrische Form aufweisen. Der 48 Meter hohe Bau ist leicht nach Osten geneigt, vom Dom abgetrennt und stammt ebenfalls aus dem 11. Jahrhundert<\/p>\n<p>Aufgrund seiner strategisch g\u00fcnstigen Lage, die einen Blick auf das Meer erlaubt, wird vermutet, dass dieses sch\u00f6ne Beispiel gotischer Baukunst mit seiner harmonischen Abfolge von ein- und zweibogigen Fenstern und schlanken S\u00e4ulen als <strong>Wachturm<\/strong> errichtet wurde. Der zylinderf\u00f6rmige Turm ist in sieben Etagen mit einem durchschnittlichen Radius von etwa 3,3 Metern gegliedert. Der 10 m hohe Giebel wird von einem 1,5 m hohen, zylinderf\u00f6rmigen Sockel mit einem Radius von 2,8 m getragen und von einem etwa 2,5 m hohen Kreuz aus Eisen mit einer Windfahne gekr\u00f6nt.<\/p>\n<p>Der Glockenturm wurde vor kurzem renoviert und kann nach vorheriger Anmeldung besichtigt werden. Im Sommer ist es sogar m\u00f6glich, die gro\u00dfartige Aussicht auf Caorle, die bei Sonnenuntergang am eindrucksvollsten ist, auch abends zu genie\u00dfen. Nach dem Aufstieg \u00fcber 80 Stufen schweift der Blick ungehindert vom Meer bis zur Lagune (f\u00fcr Informationen wenden Sie sich bitte an Frau PIA ZOIA, Tel. +39 3487743459).<\/p>\n<p><img loading=\"lazy\" decoding=\"async\" class=\"alignnone size-full wp-image-3005525\" src=\"https:\/\/www.lampo.it\/wp-content\/uploads\/2022\/03\/campanile.jpg\" alt=\"\" width=\"470\" height=\"300\" \/><\/p>\n<h2><strong>Die Wallfahrtskirche Madonna dell&#8217;Angelo <\/strong><\/h2>\n<p>Ein weiteres bedeutendes architektonisches Juwel und Symbol der Stadt ist die malerische <strong>Kirche Madonna dell&#8217;Angelo<\/strong>, deren Silhouette sich in der N\u00e4he des Doms vor dem Meer abhebt. Das Heiligtum wurde 1751 auf den Ruinen des wahrscheinlich \u00e4ltesten Sakralbaus von Caorle errichtet: Die kleine, dreischiffige Holzkirche war dem Erzengel Michael geweiht, dessen Name die Jahrhunderte und die Umbauten bis in die heutige Zeit \u00fcberdauert hat.<\/p>\n<p>Die wundersch\u00f6n gelegene Kirche befindet sich zwischen den Klippen und dem Strand Levante auf einer Landzunge, die in die Adria hineinragt, und ist heute nicht nur f\u00fcr die einheimische Bev\u00f6lkerung ein Ort der Besinnung und Andacht, sondern auch f\u00fcr viele Pilger aus aller Welt.<\/p>\n<p>Die Kirche kann in den Wintermonaten tags\u00fcber besichtigt werden. Im Sommer ist sie vom fr\u00fchen Morgen bis 23 Uhr ge\u00f6ffnet.<\/p>\n<p><img loading=\"lazy\" decoding=\"async\" class=\"alignnone size-full wp-image-3005530\" src=\"https:\/\/www.lampo.it\/wp-content\/uploads\/2022\/03\/santuario.jpg\" alt=\"\" width=\"470\" height=\"300\" \/><\/p>\n<p><strong>Fanden Sie den Artikel interessant?<\/strong><\/p>\n<p>Wenn wir Sie Ihre Neugier auf die Sch\u00f6nheiten von Caorle geweckt haben, k\u00f6nnen Sie auf dieser Seite unsere Angebote f\u00fcr Ihren n\u00e4chsten Urlaub sehen!<\/p>\n","protected":false},"excerpt":{"rendered":"<p>Alles Wissenswerte \u00fcber Caorle<\/p>\n","protected":false},"author":1,"featured_media":3005517,"comment_status":"open","ping_status":"closed","sticky":false,"template":"","format":"standard","meta":{"footnotes":""},"categories":[18],"tags":[],"class_list":["post-3005534","post","type-post","status-publish","format-standard","has-post-thumbnail","hentry","category-neugier"],"yoast_head":"<!-- This site is optimized with the Yoast SEO plugin v27.5 - https:\/\/yoast.com\/product\/yoast-seo-wordpress\/ -->\n<title>Die Kathedrale von Caorle und die Wahrzeichen der Stadtgeschichte - Agenzia Lampo<\/title>\n<meta name=\"description\" content=\"Die Kathedrale von Caorle ist das bekannteste Bauwerk der Stadt, aber nicht das einzige Wahrzeichen ihrer Geschichte. Erfahren Sie in unserem Artikel mehr \u00fcber alle historischen Sehensw\u00fcrdigkeiten von Caorle.\" \/>\n<meta name=\"robots\" content=\"index, follow, max-snippet:-1, max-image-preview:large, max-video-preview:-1\" \/>\n<link rel=\"canonical\" href=\"https:\/\/www.lampo.it\/de\/neugier\/kathedrale-und-historischen-wahrzeichen\/\" \/>\n<meta property=\"og:locale\" content=\"de_DE\" \/>\n<meta property=\"og:type\" content=\"article\" \/>\n<meta property=\"og:title\" content=\"Die Kathedrale von Caorle und die Wahrzeichen der Stadtgeschichte - Agenzia Lampo\" \/>\n<meta property=\"og:description\" content=\"Die Kathedrale von Caorle ist das bekannteste Bauwerk der Stadt, aber nicht das einzige Wahrzeichen ihrer Geschichte. Erfahren Sie in unserem Artikel mehr \u00fcber alle historischen Sehensw\u00fcrdigkeiten von Caorle.\" \/>\n<meta property=\"og:url\" content=\"https:\/\/www.lampo.it\/de\/neugier\/kathedrale-und-historischen-wahrzeichen\/\" \/>\n<meta property=\"og:site_name\" content=\"Agenzia Lampo\" \/>\n<meta property=\"article:published_time\" content=\"2022-03-28T09:51:00+00:00\" \/>\n<meta property=\"article:modified_time\" content=\"2025-07-21T08:11:55+00:00\" \/>\n<meta property=\"og:image\" content=\"https:\/\/www.lampo.it\/wp-content\/uploads\/2022\/03\/museo.jpg\" \/>\n\t<meta property=\"og:image:width\" content=\"470\" \/>\n\t<meta property=\"og:image:height\" content=\"300\" \/>\n\t<meta property=\"og:image:type\" content=\"image\/jpeg\" \/>\n<meta name=\"author\" content=\"Manuela Bellotto\" \/>\n<meta name=\"twitter:card\" content=\"summary_large_image\" \/>\n<meta name=\"twitter:label1\" content=\"Verfasst von\" \/>\n\t<meta name=\"twitter:data1\" content=\"Manuela Bellotto\" \/>\n\t<meta name=\"twitter:label2\" content=\"Gesch\u00e4tzte Lesezeit\" \/>\n\t<meta name=\"twitter:data2\" content=\"5\u00a0Minuten\" \/>\n<script type=\"application\/ld+json\" class=\"yoast-schema-graph\">{\"@context\":\"https:\\\/\\\/schema.org\",\"@graph\":[{\"@type\":\"Article\",\"@id\":\"https:\\\/\\\/www.lampo.it\\\/de\\\/neugier\\\/kathedrale-und-historischen-wahrzeichen\\\/#article\",\"isPartOf\":{\"@id\":\"https:\\\/\\\/www.lampo.it\\\/de\\\/neugier\\\/kathedrale-und-historischen-wahrzeichen\\\/\"},\"author\":{\"name\":\"Manuela Bellotto\",\"@id\":\"https:\\\/\\\/www.lampo.it\\\/#\\\/schema\\\/person\\\/1027fc4785e6a6e93fcc24f4c7b6a2c7\"},\"headline\":\"Kathedrale und historischen Wahrzeichen\",\"datePublished\":\"2022-03-28T09:51:00+00:00\",\"dateModified\":\"2025-07-21T08:11:55+00:00\",\"mainEntityOfPage\":{\"@id\":\"https:\\\/\\\/www.lampo.it\\\/de\\\/neugier\\\/kathedrale-und-historischen-wahrzeichen\\\/\"},\"wordCount\":813,\"commentCount\":0,\"publisher\":{\"@id\":\"https:\\\/\\\/www.lampo.it\\\/#organization\"},\"image\":{\"@id\":\"https:\\\/\\\/www.lampo.it\\\/de\\\/neugier\\\/kathedrale-und-historischen-wahrzeichen\\\/#primaryimage\"},\"thumbnailUrl\":\"https:\\\/\\\/www.lampo.it\\\/wp-content\\\/uploads\\\/2022\\\/03\\\/museo.jpg\",\"articleSection\":[\"Neugier\"],\"inLanguage\":\"de\",\"potentialAction\":[{\"@type\":\"CommentAction\",\"name\":\"Comment\",\"target\":[\"https:\\\/\\\/www.lampo.it\\\/de\\\/neugier\\\/kathedrale-und-historischen-wahrzeichen\\\/#respond\"]}]},{\"@type\":\"WebPage\",\"@id\":\"https:\\\/\\\/www.lampo.it\\\/de\\\/neugier\\\/kathedrale-und-historischen-wahrzeichen\\\/\",\"url\":\"https:\\\/\\\/www.lampo.it\\\/de\\\/neugier\\\/kathedrale-und-historischen-wahrzeichen\\\/\",\"name\":\"Die Kathedrale von Caorle und die Wahrzeichen der Stadtgeschichte - Agenzia Lampo\",\"isPartOf\":{\"@id\":\"https:\\\/\\\/www.lampo.it\\\/#website\"},\"primaryImageOfPage\":{\"@id\":\"https:\\\/\\\/www.lampo.it\\\/de\\\/neugier\\\/kathedrale-und-historischen-wahrzeichen\\\/#primaryimage\"},\"image\":{\"@id\":\"https:\\\/\\\/www.lampo.it\\\/de\\\/neugier\\\/kathedrale-und-historischen-wahrzeichen\\\/#primaryimage\"},\"thumbnailUrl\":\"https:\\\/\\\/www.lampo.it\\\/wp-content\\\/uploads\\\/2022\\\/03\\\/museo.jpg\",\"datePublished\":\"2022-03-28T09:51:00+00:00\",\"dateModified\":\"2025-07-21T08:11:55+00:00\",\"description\":\"Die Kathedrale von Caorle ist das bekannteste Bauwerk der Stadt, aber nicht das einzige Wahrzeichen ihrer Geschichte. Erfahren Sie in unserem Artikel mehr \u00fcber alle historischen Sehensw\u00fcrdigkeiten von Caorle.\",\"breadcrumb\":{\"@id\":\"https:\\\/\\\/www.lampo.it\\\/de\\\/neugier\\\/kathedrale-und-historischen-wahrzeichen\\\/#breadcrumb\"},\"inLanguage\":\"de\",\"potentialAction\":[{\"@type\":\"ReadAction\",\"target\":[\"https:\\\/\\\/www.lampo.it\\\/de\\\/neugier\\\/kathedrale-und-historischen-wahrzeichen\\\/\"]}]},{\"@type\":\"ImageObject\",\"inLanguage\":\"de\",\"@id\":\"https:\\\/\\\/www.lampo.it\\\/de\\\/neugier\\\/kathedrale-und-historischen-wahrzeichen\\\/#primaryimage\",\"url\":\"https:\\\/\\\/www.lampo.it\\\/wp-content\\\/uploads\\\/2022\\\/03\\\/museo.jpg\",\"contentUrl\":\"https:\\\/\\\/www.lampo.it\\\/wp-content\\\/uploads\\\/2022\\\/03\\\/museo.jpg\",\"width\":470,\"height\":300},{\"@type\":\"BreadcrumbList\",\"@id\":\"https:\\\/\\\/www.lampo.it\\\/de\\\/neugier\\\/kathedrale-und-historischen-wahrzeichen\\\/#breadcrumb\",\"itemListElement\":[{\"@type\":\"ListItem\",\"position\":1,\"name\":\"Home\",\"item\":\"https:\\\/\\\/www.lampo.it\\\/\"},{\"@type\":\"ListItem\",\"position\":2,\"name\":\"Kathedrale und historischen Wahrzeichen\"}]},{\"@type\":\"WebSite\",\"@id\":\"https:\\\/\\\/www.lampo.it\\\/#website\",\"url\":\"https:\\\/\\\/www.lampo.it\\\/\",\"name\":\"Agenzia Lampo\",\"description\":\"Agenzia Lampo. Affitti brevi sulla Costa Veneta\",\"publisher\":{\"@id\":\"https:\\\/\\\/www.lampo.it\\\/#organization\"},\"potentialAction\":[{\"@type\":\"SearchAction\",\"target\":{\"@type\":\"EntryPoint\",\"urlTemplate\":\"https:\\\/\\\/www.lampo.it\\\/?s={search_term_string}\"},\"query-input\":{\"@type\":\"PropertyValueSpecification\",\"valueRequired\":true,\"valueName\":\"search_term_string\"}}],\"inLanguage\":\"de\"},{\"@type\":\"Organization\",\"@id\":\"https:\\\/\\\/www.lampo.it\\\/#organization\",\"name\":\"Agenzia Lampo\",\"url\":\"https:\\\/\\\/www.lampo.it\\\/\",\"logo\":{\"@type\":\"ImageObject\",\"inLanguage\":\"de\",\"@id\":\"https:\\\/\\\/www.lampo.it\\\/#\\\/schema\\\/logo\\\/image\\\/\",\"url\":\"https:\\\/\\\/www.lampo.it\\\/wp-content\\\/uploads\\\/2025\\\/07\\\/logo-lampo_ok_2012.png\",\"contentUrl\":\"https:\\\/\\\/www.lampo.it\\\/wp-content\\\/uploads\\\/2025\\\/07\\\/logo-lampo_ok_2012.png\",\"width\":349,\"height\":137,\"caption\":\"Agenzia Lampo\"},\"image\":{\"@id\":\"https:\\\/\\\/www.lampo.it\\\/#\\\/schema\\\/logo\\\/image\\\/\"}},{\"@type\":\"Person\",\"@id\":\"https:\\\/\\\/www.lampo.it\\\/#\\\/schema\\\/person\\\/1027fc4785e6a6e93fcc24f4c7b6a2c7\",\"name\":\"Manuela Bellotto\",\"image\":{\"@type\":\"ImageObject\",\"inLanguage\":\"de\",\"@id\":\"https:\\\/\\\/secure.gravatar.com\\\/avatar\\\/42a1de295add8c33fd5048ebdd390af14c654bb55f9af92cf9fd71f197d4ffc8?s=96&d=mm&r=g\",\"url\":\"https:\\\/\\\/secure.gravatar.com\\\/avatar\\\/42a1de295add8c33fd5048ebdd390af14c654bb55f9af92cf9fd71f197d4ffc8?s=96&d=mm&r=g\",\"contentUrl\":\"https:\\\/\\\/secure.gravatar.com\\\/avatar\\\/42a1de295add8c33fd5048ebdd390af14c654bb55f9af92cf9fd71f197d4ffc8?s=96&d=mm&r=g\",\"caption\":\"Manuela Bellotto\"},\"sameAs\":[\"https:\\\/\\\/www.lampo.it\"],\"url\":\"https:\\\/\\\/www.lampo.it\\\/de\\\/author\\\/avantioblog\\\/\"}]}<\/script>\n<!-- \/ Yoast SEO plugin. -->","yoast_head_json":{"title":"Die Kathedrale von Caorle und die Wahrzeichen der Stadtgeschichte - Agenzia Lampo","description":"Die Kathedrale von Caorle ist das bekannteste Bauwerk der Stadt, aber nicht das einzige Wahrzeichen ihrer Geschichte. Erfahren Sie in unserem Artikel mehr \u00fcber alle historischen Sehensw\u00fcrdigkeiten von Caorle.","robots":{"index":"index","follow":"follow","max-snippet":"max-snippet:-1","max-image-preview":"max-image-preview:large","max-video-preview":"max-video-preview:-1"},"canonical":"https:\/\/www.lampo.it\/de\/neugier\/kathedrale-und-historischen-wahrzeichen\/","og_locale":"de_DE","og_type":"article","og_title":"Die Kathedrale von Caorle und die Wahrzeichen der Stadtgeschichte - Agenzia Lampo","og_description":"Die Kathedrale von Caorle ist das bekannteste Bauwerk der Stadt, aber nicht das einzige Wahrzeichen ihrer Geschichte. Erfahren Sie in unserem Artikel mehr \u00fcber alle historischen Sehensw\u00fcrdigkeiten von Caorle.","og_url":"https:\/\/www.lampo.it\/de\/neugier\/kathedrale-und-historischen-wahrzeichen\/","og_site_name":"Agenzia Lampo","article_published_time":"2022-03-28T09:51:00+00:00","article_modified_time":"2025-07-21T08:11:55+00:00","og_image":[{"width":470,"height":300,"url":"https:\/\/www.lampo.it\/wp-content\/uploads\/2022\/03\/museo.jpg","type":"image\/jpeg"}],"author":"Manuela Bellotto","twitter_card":"summary_large_image","twitter_misc":{"Verfasst von":"Manuela Bellotto","Gesch\u00e4tzte Lesezeit":"5\u00a0Minuten"},"schema":{"@context":"https:\/\/schema.org","@graph":[{"@type":"Article","@id":"https:\/\/www.lampo.it\/de\/neugier\/kathedrale-und-historischen-wahrzeichen\/#article","isPartOf":{"@id":"https:\/\/www.lampo.it\/de\/neugier\/kathedrale-und-historischen-wahrzeichen\/"},"author":{"name":"Manuela Bellotto","@id":"https:\/\/www.lampo.it\/#\/schema\/person\/1027fc4785e6a6e93fcc24f4c7b6a2c7"},"headline":"Kathedrale und historischen Wahrzeichen","datePublished":"2022-03-28T09:51:00+00:00","dateModified":"2025-07-21T08:11:55+00:00","mainEntityOfPage":{"@id":"https:\/\/www.lampo.it\/de\/neugier\/kathedrale-und-historischen-wahrzeichen\/"},"wordCount":813,"commentCount":0,"publisher":{"@id":"https:\/\/www.lampo.it\/#organization"},"image":{"@id":"https:\/\/www.lampo.it\/de\/neugier\/kathedrale-und-historischen-wahrzeichen\/#primaryimage"},"thumbnailUrl":"https:\/\/www.lampo.it\/wp-content\/uploads\/2022\/03\/museo.jpg","articleSection":["Neugier"],"inLanguage":"de","potentialAction":[{"@type":"CommentAction","name":"Comment","target":["https:\/\/www.lampo.it\/de\/neugier\/kathedrale-und-historischen-wahrzeichen\/#respond"]}]},{"@type":"WebPage","@id":"https:\/\/www.lampo.it\/de\/neugier\/kathedrale-und-historischen-wahrzeichen\/","url":"https:\/\/www.lampo.it\/de\/neugier\/kathedrale-und-historischen-wahrzeichen\/","name":"Die Kathedrale von Caorle und die Wahrzeichen der Stadtgeschichte - Agenzia Lampo","isPartOf":{"@id":"https:\/\/www.lampo.it\/#website"},"primaryImageOfPage":{"@id":"https:\/\/www.lampo.it\/de\/neugier\/kathedrale-und-historischen-wahrzeichen\/#primaryimage"},"image":{"@id":"https:\/\/www.lampo.it\/de\/neugier\/kathedrale-und-historischen-wahrzeichen\/#primaryimage"},"thumbnailUrl":"https:\/\/www.lampo.it\/wp-content\/uploads\/2022\/03\/museo.jpg","datePublished":"2022-03-28T09:51:00+00:00","dateModified":"2025-07-21T08:11:55+00:00","description":"Die Kathedrale von Caorle ist das bekannteste Bauwerk der Stadt, aber nicht das einzige Wahrzeichen ihrer Geschichte. Erfahren Sie in unserem Artikel mehr \u00fcber alle historischen Sehensw\u00fcrdigkeiten von Caorle.","breadcrumb":{"@id":"https:\/\/www.lampo.it\/de\/neugier\/kathedrale-und-historischen-wahrzeichen\/#breadcrumb"},"inLanguage":"de","potentialAction":[{"@type":"ReadAction","target":["https:\/\/www.lampo.it\/de\/neugier\/kathedrale-und-historischen-wahrzeichen\/"]}]},{"@type":"ImageObject","inLanguage":"de","@id":"https:\/\/www.lampo.it\/de\/neugier\/kathedrale-und-historischen-wahrzeichen\/#primaryimage","url":"https:\/\/www.lampo.it\/wp-content\/uploads\/2022\/03\/museo.jpg","contentUrl":"https:\/\/www.lampo.it\/wp-content\/uploads\/2022\/03\/museo.jpg","width":470,"height":300},{"@type":"BreadcrumbList","@id":"https:\/\/www.lampo.it\/de\/neugier\/kathedrale-und-historischen-wahrzeichen\/#breadcrumb","itemListElement":[{"@type":"ListItem","position":1,"name":"Home","item":"https:\/\/www.lampo.it\/"},{"@type":"ListItem","position":2,"name":"Kathedrale und historischen Wahrzeichen"}]},{"@type":"WebSite","@id":"https:\/\/www.lampo.it\/#website","url":"https:\/\/www.lampo.it\/","name":"Agenzia Lampo","description":"Agenzia Lampo. Affitti brevi sulla Costa Veneta","publisher":{"@id":"https:\/\/www.lampo.it\/#organization"},"potentialAction":[{"@type":"SearchAction","target":{"@type":"EntryPoint","urlTemplate":"https:\/\/www.lampo.it\/?s={search_term_string}"},"query-input":{"@type":"PropertyValueSpecification","valueRequired":true,"valueName":"search_term_string"}}],"inLanguage":"de"},{"@type":"Organization","@id":"https:\/\/www.lampo.it\/#organization","name":"Agenzia Lampo","url":"https:\/\/www.lampo.it\/","logo":{"@type":"ImageObject","inLanguage":"de","@id":"https:\/\/www.lampo.it\/#\/schema\/logo\/image\/","url":"https:\/\/www.lampo.it\/wp-content\/uploads\/2025\/07\/logo-lampo_ok_2012.png","contentUrl":"https:\/\/www.lampo.it\/wp-content\/uploads\/2025\/07\/logo-lampo_ok_2012.png","width":349,"height":137,"caption":"Agenzia Lampo"},"image":{"@id":"https:\/\/www.lampo.it\/#\/schema\/logo\/image\/"}},{"@type":"Person","@id":"https:\/\/www.lampo.it\/#\/schema\/person\/1027fc4785e6a6e93fcc24f4c7b6a2c7","name":"Manuela Bellotto","image":{"@type":"ImageObject","inLanguage":"de","@id":"https:\/\/secure.gravatar.com\/avatar\/42a1de295add8c33fd5048ebdd390af14c654bb55f9af92cf9fd71f197d4ffc8?s=96&d=mm&r=g","url":"https:\/\/secure.gravatar.com\/avatar\/42a1de295add8c33fd5048ebdd390af14c654bb55f9af92cf9fd71f197d4ffc8?s=96&d=mm&r=g","contentUrl":"https:\/\/secure.gravatar.com\/avatar\/42a1de295add8c33fd5048ebdd390af14c654bb55f9af92cf9fd71f197d4ffc8?s=96&d=mm&r=g","caption":"Manuela Bellotto"},"sameAs":["https:\/\/www.lampo.it"],"url":"https:\/\/www.lampo.it\/de\/author\/avantioblog\/"}]}},"_links":{"self":[{"href":"https:\/\/www.lampo.it\/de\/wp-json\/wp\/v2\/posts\/3005534","targetHints":{"allow":["GET"]}}],"collection":[{"href":"https:\/\/www.lampo.it\/de\/wp-json\/wp\/v2\/posts"}],"about":[{"href":"https:\/\/www.lampo.it\/de\/wp-json\/wp\/v2\/types\/post"}],"author":[{"embeddable":true,"href":"https:\/\/www.lampo.it\/de\/wp-json\/wp\/v2\/users\/1"}],"replies":[{"embeddable":true,"href":"https:\/\/www.lampo.it\/de\/wp-json\/wp\/v2\/comments?post=3005534"}],"version-history":[{"count":1,"href":"https:\/\/www.lampo.it\/de\/wp-json\/wp\/v2\/posts\/3005534\/revisions"}],"predecessor-version":[{"id":3175895,"href":"https:\/\/www.lampo.it\/de\/wp-json\/wp\/v2\/posts\/3005534\/revisions\/3175895"}],"wp:featuredmedia":[{"embeddable":true,"href":"https:\/\/www.lampo.it\/de\/wp-json\/wp\/v2\/media\/3005517"}],"wp:attachment":[{"href":"https:\/\/www.lampo.it\/de\/wp-json\/wp\/v2\/media?parent=3005534"}],"wp:term":[{"taxonomy":"category","embeddable":true,"href":"https:\/\/www.lampo.it\/de\/wp-json\/wp\/v2\/categories?post=3005534"},{"taxonomy":"post_tag","embeddable":true,"href":"https:\/\/www.lampo.it\/de\/wp-json\/wp\/v2\/tags?post=3005534"}],"curies":[{"name":"wp","href":"https:\/\/api.w.org\/{rel}","templated":true}]}}