{"id":3026289,"date":"2022-06-06T09:00:00","date_gmt":"2022-06-06T07:00:00","guid":{"rendered":"https:\/\/www.lampo.it\/?p=3026289"},"modified":"2025-10-30T09:14:00","modified_gmt":"2025-10-30T09:14:00","slug":"e-bike-tour-caorle-2","status":"publish","type":"post","link":"https:\/\/www.lampo.it\/de\/adriakueste\/e-bike-tour-caorle-2\/","title":{"rendered":"E-Bike-Tour Caorle"},"content":{"rendered":"<p>Das azurblaue Meer, der goldene Sand und der klare Himmel sind schon immer die Begleiter unserer sch\u00f6nsten Urlaubstage, wenn wir unter dem Sonnenschirm am Strand oder am Pool liegen. Endlich m\u00fcssen wir uns nicht mehr um die dringenden allt\u00e4glichen Termine k\u00fcmmern, sondern k\u00f6nnen <strong>abschalten<\/strong> und die wohlverdiente <strong>Entspannung<\/strong> genie\u00dfen.<\/p>\n<p>Im Urlaub m\u00f6chten wir aber auch <strong>neue Erfahrungen machen<\/strong>, die Umgebung entdecken, <strong>neue Leute und Traditionen kennenlernen<\/strong>. Deshalb empfehlen wir Ihnen, einmal einen halben Tag auf eine andere Art zu verbringen, zum Beispiel bei einer <strong>E-Bike-Tour<\/strong>, die durch Caorle, zur malerischen Insel der Fischer f\u00fchrt und \u00fcber die Landwege zwischen Feldern, Gem\u00fcseg\u00e4rten und D\u00f6rfern den Wasserl\u00e4ufen folgt, die ins Meer m\u00fcnden.<\/p>\n<p><img fetchpriority=\"high\" decoding=\"async\" class=\"alignnone size-full wp-image-3026638\" src=\"https:\/\/www.lampo.it\/wp-content\/uploads\/2022\/06\/2-city-bikes-river-bank2.jpg\" alt=\"\" width=\"470\" height=\"300\" \/><\/p>\n<h2>E-Bike-Tour in Caorle: 10 Gr\u00fcnde f\u00fcr die Teilnahme<\/h2>\n<p>Hier sind <strong>10 gute Gr\u00fcnde<\/strong> f\u00fcr die Teilnahme an diesen <strong>gef\u00fchrten Mittwochsausfl\u00fcgen<\/strong>:<\/p>\n<ul>\n<li>&#8211; Es werden <strong>E-Bikes<\/strong> mit Tretunterst\u00fctzung genutzt, die auch f\u00fcr unerfahrene Biker geeignet sind.<\/li>\n<li>&#8211; Bei einem gemeinsamen Ausflug <strong>lernt man<\/strong> <strong>neue Leute kennen<\/strong>: Der Spa\u00df ist garantiert!<\/li>\n<li>&#8211; Ein <strong>ortskundiger F\u00fchrer<\/strong> begleitet Sie auf der gesamten Strecke und zeigt Ihnen alles Sehenswerte.<\/li>\n<li><strong>&#8211; In der Altstadt von Caorle<\/strong> mit ihren bunten H\u00e4usern wird eine Pause eingelegt.<\/li>\n<li>&#8211; Die Tour sieht auch einen Besuch <strong>der typischen Fischerh\u00fctten<\/strong> mit Blick auf die Lagune von Falconera vor.<\/li>\n<\/ul>\n<p><img decoding=\"async\" class=\"alignnone size-full wp-image-3026286\" src=\"https:\/\/www.lampo.it\/wp-content\/uploads\/2022\/06\/e-bike-tour-altanea-casoni-caorle.jpg\" alt=\"\" width=\"470\" height=\"300\" \/><\/p>\n<ul>\n<li>&#8211; Sie k\u00f6nnen etwas f\u00fcr<strong> Ihre Kondition tun<\/strong>, ohne sich allzu sehr anzustrengen.<\/li>\n<li>&#8211; Dieses <strong>etwas andere Abenteuer <\/strong>nehmen Sie als sch\u00f6ne Erinnerung mit nach Hause.<\/li>\n<li>&#8211; Ein Besuch in der<strong> herrlichen Landschaft<\/strong> an den Fl\u00fcssen Brian und Livenza lohnt sich immer.<\/li>\n<li>&#8211; Die Teilnehmer st\u00e4rken sich im Garten der <strong>Trattoria \u201eAlla Gassa\u201d<\/strong> bei einem Imbiss.<\/li>\n<li>&#8211; Die <strong>R\u00fcckkehr <\/strong>zum Ausgangspunkt wird bequem<strong> mit<\/strong> speziellen<strong> Fahrzeugen<\/strong> durchgef\u00fchrt.<\/li>\n<li>&#8211; Sie haben die M\u00f6glichkeit, Ihr <strong>eigenes Fahrrad<\/strong> zu benutzen, falls vorhanden.<\/li>\n<\/ul>\n<p><img decoding=\"async\" class=\"alignnone size-full wp-image-3026643\" src=\"https:\/\/www.lampo.it\/wp-content\/uploads\/2022\/06\/lagunabike.jpg\" alt=\"\" width=\"470\" height=\"300\" \/><\/p>\n<h2>So k\u00f6nnen Sie daran teilnehmen<\/h2>\n<p>Haben wir Sie davon \u00fcberzeugt, dass sich diese Tour wirklich lohnt?<\/p>\n<p>Dann finden Sie hier weitere <strong>Informationen zur Teilnahme:<\/strong><\/p>\n<ul>\n<li>Abfahrt: <strong>jeden Mittwoch um 9.00 Uhr <\/strong><\/li>\n<li>Treffpunkt: vor der <strong>Galleria la Quercia in Lido Altanea<\/strong><\/li>\n<li>Streckenl\u00e4nge:<strong> 40 km<\/strong><\/li>\n<li>Dauer der Radtour: <strong>5 Stunden<\/strong><\/li>\n<li><strong>Empfohlene Kleidung<\/strong>: leicht sportlich, Sturzhelme stehen zur Verf\u00fcgung. Wir empfehlen, eine K-Way Jacke mitzunehmen, um sich vor der Zugluft zu sch\u00fctzen.<\/li>\n<li>Kosten: <strong>75,00 \u20ac pro Person<\/strong> einschlie\u00dflich Miete des E-Bikes oder <strong>55,00 \u20ac pro Person<\/strong> mit eigenem Fahrrad<\/li>\n<li>Tour mit F\u00fchrer in italienischer und englischer Sprache<\/li>\n<\/ul>\n<p><img loading=\"lazy\" decoding=\"async\" class=\"alignnone size-full wp-image-3026276\" src=\"https:\/\/www.lampo.it\/wp-content\/uploads\/2022\/06\/e-bike-tour-altanea-ritrovo-quercia.jpg\" alt=\"\" width=\"470\" height=\"300\" \/><\/p>\n<h3><strong>Kontaktinformationen f\u00fcr die Teilnahme:<\/strong><\/h3>\n<ul>\n<li>Tel. +39.338.4479261 (in italienischer Sprache)<\/li>\n<li>Tel. +39.348.4545350 (in englischer Sprache)<\/li>\n<\/ul>\n<p><a href=\"mailto:lagunabike@libero.it\">lagunabike@libero.it<\/a><\/p>\n<p>Wenn Sie weitere Informationen oder Fragen haben, k\u00f6nnen Sie uns auch in unserem B\u00fcro in Caorle Lido Altanea 0421.299683 kontaktieren oder eine E-Mail an <a href=\"mailto:jessica.rachele@lampo.it\">jessica.rachele@lampo.it<\/a>\u00a0schreiben.<\/p>\n<p><img loading=\"lazy\" decoding=\"async\" class=\"alignnone size-full wp-image-3026648\" src=\"https:\/\/www.lampo.it\/wp-content\/uploads\/2022\/06\/Livenza-con-Vero.jpg\" alt=\"\" width=\"470\" height=\"300\" \/><\/p>\n","protected":false},"excerpt":{"rendered":"<p>Von Caorle bis Fluss Livenza entlang<\/p>\n","protected":false},"author":1,"featured_media":3026645,"comment_status":"open","ping_status":"closed","sticky":false,"template":"","format":"standard","meta":{"footnotes":""},"categories":[2],"tags":[109],"class_list":["post-3026289","post","type-post","status-publish","format-standard","has-post-thumbnail","hentry","category-adriakueste","tag-caorle-de"],"yoast_head":"<!-- This site is optimized with the Yoast SEO plugin v27.5 - https:\/\/yoast.com\/product\/yoast-seo-wordpress\/ -->\n<title>E-Bike-Tour Caorle - Agenzia Lampo<\/title>\n<meta name=\"robots\" content=\"index, follow, max-snippet:-1, max-image-preview:large, max-video-preview:-1\" \/>\n<link rel=\"canonical\" href=\"https:\/\/www.lampo.it\/de\/adriakueste\/e-bike-tour-caorle-2\/\" \/>\n<meta property=\"og:locale\" content=\"de_DE\" \/>\n<meta property=\"og:type\" content=\"article\" \/>\n<meta property=\"og:title\" content=\"E-Bike-Tour Caorle - Agenzia Lampo\" \/>\n<meta property=\"og:description\" content=\"Von Caorle bis Fluss Livenza entlang\" \/>\n<meta property=\"og:url\" content=\"https:\/\/www.lampo.it\/de\/adriakueste\/e-bike-tour-caorle-2\/\" \/>\n<meta property=\"og:site_name\" content=\"Agenzia Lampo\" \/>\n<meta property=\"article:published_time\" content=\"2022-06-06T07:00:00+00:00\" \/>\n<meta property=\"article:modified_time\" content=\"2025-10-30T09:14:00+00:00\" \/>\n<meta property=\"og:image\" content=\"https:\/\/www.lampo.it\/wp-content\/uploads\/2022\/06\/Livenza-con-Vero.jpg\" \/>\n\t<meta property=\"og:image:width\" content=\"470\" \/>\n\t<meta property=\"og:image:height\" content=\"300\" \/>\n\t<meta property=\"og:image:type\" content=\"image\/jpeg\" \/>\n<meta name=\"author\" content=\"Manuela Bellotto\" \/>\n<meta name=\"twitter:card\" content=\"summary_large_image\" \/>\n<meta name=\"twitter:label1\" content=\"Verfasst von\" \/>\n\t<meta name=\"twitter:data1\" content=\"Manuela Bellotto\" \/>\n\t<meta name=\"twitter:label2\" content=\"Gesch\u00e4tzte Lesezeit\" \/>\n\t<meta name=\"twitter:data2\" content=\"3\u00a0Minuten\" \/>\n<script type=\"application\/ld+json\" class=\"yoast-schema-graph\">{\"@context\":\"https:\\\/\\\/schema.org\",\"@graph\":[{\"@type\":\"Article\",\"@id\":\"https:\\\/\\\/www.lampo.it\\\/de\\\/adriakueste\\\/e-bike-tour-caorle-2\\\/#article\",\"isPartOf\":{\"@id\":\"https:\\\/\\\/www.lampo.it\\\/de\\\/adriakueste\\\/e-bike-tour-caorle-2\\\/\"},\"author\":{\"name\":\"Manuela Bellotto\",\"@id\":\"https:\\\/\\\/www.lampo.it\\\/#\\\/schema\\\/person\\\/1027fc4785e6a6e93fcc24f4c7b6a2c7\"},\"headline\":\"E-Bike-Tour Caorle\",\"datePublished\":\"2022-06-06T07:00:00+00:00\",\"dateModified\":\"2025-10-30T09:14:00+00:00\",\"mainEntityOfPage\":{\"@id\":\"https:\\\/\\\/www.lampo.it\\\/de\\\/adriakueste\\\/e-bike-tour-caorle-2\\\/\"},\"wordCount\":454,\"commentCount\":0,\"publisher\":{\"@id\":\"https:\\\/\\\/www.lampo.it\\\/#organization\"},\"image\":{\"@id\":\"https:\\\/\\\/www.lampo.it\\\/de\\\/adriakueste\\\/e-bike-tour-caorle-2\\\/#primaryimage\"},\"thumbnailUrl\":\"https:\\\/\\\/www.lampo.it\\\/wp-content\\\/uploads\\\/2022\\\/06\\\/Livenza-con-Vero.jpg\",\"keywords\":[\"caorle\"],\"articleSection\":[\"Adriak\u00fcste\"],\"inLanguage\":\"de\",\"potentialAction\":[{\"@type\":\"CommentAction\",\"name\":\"Comment\",\"target\":[\"https:\\\/\\\/www.lampo.it\\\/de\\\/adriakueste\\\/e-bike-tour-caorle-2\\\/#respond\"]}]},{\"@type\":\"WebPage\",\"@id\":\"https:\\\/\\\/www.lampo.it\\\/de\\\/adriakueste\\\/e-bike-tour-caorle-2\\\/\",\"url\":\"https:\\\/\\\/www.lampo.it\\\/de\\\/adriakueste\\\/e-bike-tour-caorle-2\\\/\",\"name\":\"E-Bike-Tour Caorle - Agenzia Lampo\",\"isPartOf\":{\"@id\":\"https:\\\/\\\/www.lampo.it\\\/#website\"},\"primaryImageOfPage\":{\"@id\":\"https:\\\/\\\/www.lampo.it\\\/de\\\/adriakueste\\\/e-bike-tour-caorle-2\\\/#primaryimage\"},\"image\":{\"@id\":\"https:\\\/\\\/www.lampo.it\\\/de\\\/adriakueste\\\/e-bike-tour-caorle-2\\\/#primaryimage\"},\"thumbnailUrl\":\"https:\\\/\\\/www.lampo.it\\\/wp-content\\\/uploads\\\/2022\\\/06\\\/Livenza-con-Vero.jpg\",\"datePublished\":\"2022-06-06T07:00:00+00:00\",\"dateModified\":\"2025-10-30T09:14:00+00:00\",\"breadcrumb\":{\"@id\":\"https:\\\/\\\/www.lampo.it\\\/de\\\/adriakueste\\\/e-bike-tour-caorle-2\\\/#breadcrumb\"},\"inLanguage\":\"de\",\"potentialAction\":[{\"@type\":\"ReadAction\",\"target\":[\"https:\\\/\\\/www.lampo.it\\\/de\\\/adriakueste\\\/e-bike-tour-caorle-2\\\/\"]}]},{\"@type\":\"ImageObject\",\"inLanguage\":\"de\",\"@id\":\"https:\\\/\\\/www.lampo.it\\\/de\\\/adriakueste\\\/e-bike-tour-caorle-2\\\/#primaryimage\",\"url\":\"https:\\\/\\\/www.lampo.it\\\/wp-content\\\/uploads\\\/2022\\\/06\\\/Livenza-con-Vero.jpg\",\"contentUrl\":\"https:\\\/\\\/www.lampo.it\\\/wp-content\\\/uploads\\\/2022\\\/06\\\/Livenza-con-Vero.jpg\",\"width\":470,\"height\":300},{\"@type\":\"BreadcrumbList\",\"@id\":\"https:\\\/\\\/www.lampo.it\\\/de\\\/adriakueste\\\/e-bike-tour-caorle-2\\\/#breadcrumb\",\"itemListElement\":[{\"@type\":\"ListItem\",\"position\":1,\"name\":\"Home\",\"item\":\"https:\\\/\\\/www.lampo.it\\\/\"},{\"@type\":\"ListItem\",\"position\":2,\"name\":\"E-Bike-Tour Caorle\"}]},{\"@type\":\"WebSite\",\"@id\":\"https:\\\/\\\/www.lampo.it\\\/#website\",\"url\":\"https:\\\/\\\/www.lampo.it\\\/\",\"name\":\"Agenzia Lampo\",\"description\":\"Agenzia Lampo. Affitti brevi sulla Costa Veneta\",\"publisher\":{\"@id\":\"https:\\\/\\\/www.lampo.it\\\/#organization\"},\"potentialAction\":[{\"@type\":\"SearchAction\",\"target\":{\"@type\":\"EntryPoint\",\"urlTemplate\":\"https:\\\/\\\/www.lampo.it\\\/?s={search_term_string}\"},\"query-input\":{\"@type\":\"PropertyValueSpecification\",\"valueRequired\":true,\"valueName\":\"search_term_string\"}}],\"inLanguage\":\"de\"},{\"@type\":\"Organization\",\"@id\":\"https:\\\/\\\/www.lampo.it\\\/#organization\",\"name\":\"Agenzia Lampo\",\"url\":\"https:\\\/\\\/www.lampo.it\\\/\",\"logo\":{\"@type\":\"ImageObject\",\"inLanguage\":\"de\",\"@id\":\"https:\\\/\\\/www.lampo.it\\\/#\\\/schema\\\/logo\\\/image\\\/\",\"url\":\"https:\\\/\\\/www.lampo.it\\\/wp-content\\\/uploads\\\/2025\\\/07\\\/logo-lampo_ok_2012.png\",\"contentUrl\":\"https:\\\/\\\/www.lampo.it\\\/wp-content\\\/uploads\\\/2025\\\/07\\\/logo-lampo_ok_2012.png\",\"width\":349,\"height\":137,\"caption\":\"Agenzia Lampo\"},\"image\":{\"@id\":\"https:\\\/\\\/www.lampo.it\\\/#\\\/schema\\\/logo\\\/image\\\/\"}},{\"@type\":\"Person\",\"@id\":\"https:\\\/\\\/www.lampo.it\\\/#\\\/schema\\\/person\\\/1027fc4785e6a6e93fcc24f4c7b6a2c7\",\"name\":\"Manuela Bellotto\",\"image\":{\"@type\":\"ImageObject\",\"inLanguage\":\"de\",\"@id\":\"https:\\\/\\\/secure.gravatar.com\\\/avatar\\\/42a1de295add8c33fd5048ebdd390af14c654bb55f9af92cf9fd71f197d4ffc8?s=96&d=mm&r=g\",\"url\":\"https:\\\/\\\/secure.gravatar.com\\\/avatar\\\/42a1de295add8c33fd5048ebdd390af14c654bb55f9af92cf9fd71f197d4ffc8?s=96&d=mm&r=g\",\"contentUrl\":\"https:\\\/\\\/secure.gravatar.com\\\/avatar\\\/42a1de295add8c33fd5048ebdd390af14c654bb55f9af92cf9fd71f197d4ffc8?s=96&d=mm&r=g\",\"caption\":\"Manuela Bellotto\"},\"sameAs\":[\"https:\\\/\\\/www.lampo.it\"],\"url\":\"https:\\\/\\\/www.lampo.it\\\/de\\\/author\\\/avantioblog\\\/\"}]}<\/script>\n<!-- \/ Yoast SEO plugin. -->","yoast_head_json":{"title":"E-Bike-Tour Caorle - Agenzia Lampo","robots":{"index":"index","follow":"follow","max-snippet":"max-snippet:-1","max-image-preview":"max-image-preview:large","max-video-preview":"max-video-preview:-1"},"canonical":"https:\/\/www.lampo.it\/de\/adriakueste\/e-bike-tour-caorle-2\/","og_locale":"de_DE","og_type":"article","og_title":"E-Bike-Tour Caorle - Agenzia Lampo","og_description":"Von Caorle bis Fluss Livenza entlang","og_url":"https:\/\/www.lampo.it\/de\/adriakueste\/e-bike-tour-caorle-2\/","og_site_name":"Agenzia Lampo","article_published_time":"2022-06-06T07:00:00+00:00","article_modified_time":"2025-10-30T09:14:00+00:00","og_image":[{"width":470,"height":300,"url":"https:\/\/www.lampo.it\/wp-content\/uploads\/2022\/06\/Livenza-con-Vero.jpg","type":"image\/jpeg"}],"author":"Manuela Bellotto","twitter_card":"summary_large_image","twitter_misc":{"Verfasst von":"Manuela Bellotto","Gesch\u00e4tzte Lesezeit":"3\u00a0Minuten"},"schema":{"@context":"https:\/\/schema.org","@graph":[{"@type":"Article","@id":"https:\/\/www.lampo.it\/de\/adriakueste\/e-bike-tour-caorle-2\/#article","isPartOf":{"@id":"https:\/\/www.lampo.it\/de\/adriakueste\/e-bike-tour-caorle-2\/"},"author":{"name":"Manuela Bellotto","@id":"https:\/\/www.lampo.it\/#\/schema\/person\/1027fc4785e6a6e93fcc24f4c7b6a2c7"},"headline":"E-Bike-Tour Caorle","datePublished":"2022-06-06T07:00:00+00:00","dateModified":"2025-10-30T09:14:00+00:00","mainEntityOfPage":{"@id":"https:\/\/www.lampo.it\/de\/adriakueste\/e-bike-tour-caorle-2\/"},"wordCount":454,"commentCount":0,"publisher":{"@id":"https:\/\/www.lampo.it\/#organization"},"image":{"@id":"https:\/\/www.lampo.it\/de\/adriakueste\/e-bike-tour-caorle-2\/#primaryimage"},"thumbnailUrl":"https:\/\/www.lampo.it\/wp-content\/uploads\/2022\/06\/Livenza-con-Vero.jpg","keywords":["caorle"],"articleSection":["Adriak\u00fcste"],"inLanguage":"de","potentialAction":[{"@type":"CommentAction","name":"Comment","target":["https:\/\/www.lampo.it\/de\/adriakueste\/e-bike-tour-caorle-2\/#respond"]}]},{"@type":"WebPage","@id":"https:\/\/www.lampo.it\/de\/adriakueste\/e-bike-tour-caorle-2\/","url":"https:\/\/www.lampo.it\/de\/adriakueste\/e-bike-tour-caorle-2\/","name":"E-Bike-Tour Caorle - Agenzia Lampo","isPartOf":{"@id":"https:\/\/www.lampo.it\/#website"},"primaryImageOfPage":{"@id":"https:\/\/www.lampo.it\/de\/adriakueste\/e-bike-tour-caorle-2\/#primaryimage"},"image":{"@id":"https:\/\/www.lampo.it\/de\/adriakueste\/e-bike-tour-caorle-2\/#primaryimage"},"thumbnailUrl":"https:\/\/www.lampo.it\/wp-content\/uploads\/2022\/06\/Livenza-con-Vero.jpg","datePublished":"2022-06-06T07:00:00+00:00","dateModified":"2025-10-30T09:14:00+00:00","breadcrumb":{"@id":"https:\/\/www.lampo.it\/de\/adriakueste\/e-bike-tour-caorle-2\/#breadcrumb"},"inLanguage":"de","potentialAction":[{"@type":"ReadAction","target":["https:\/\/www.lampo.it\/de\/adriakueste\/e-bike-tour-caorle-2\/"]}]},{"@type":"ImageObject","inLanguage":"de","@id":"https:\/\/www.lampo.it\/de\/adriakueste\/e-bike-tour-caorle-2\/#primaryimage","url":"https:\/\/www.lampo.it\/wp-content\/uploads\/2022\/06\/Livenza-con-Vero.jpg","contentUrl":"https:\/\/www.lampo.it\/wp-content\/uploads\/2022\/06\/Livenza-con-Vero.jpg","width":470,"height":300},{"@type":"BreadcrumbList","@id":"https:\/\/www.lampo.it\/de\/adriakueste\/e-bike-tour-caorle-2\/#breadcrumb","itemListElement":[{"@type":"ListItem","position":1,"name":"Home","item":"https:\/\/www.lampo.it\/"},{"@type":"ListItem","position":2,"name":"E-Bike-Tour Caorle"}]},{"@type":"WebSite","@id":"https:\/\/www.lampo.it\/#website","url":"https:\/\/www.lampo.it\/","name":"Agenzia Lampo","description":"Agenzia Lampo. Affitti brevi sulla Costa Veneta","publisher":{"@id":"https:\/\/www.lampo.it\/#organization"},"potentialAction":[{"@type":"SearchAction","target":{"@type":"EntryPoint","urlTemplate":"https:\/\/www.lampo.it\/?s={search_term_string}"},"query-input":{"@type":"PropertyValueSpecification","valueRequired":true,"valueName":"search_term_string"}}],"inLanguage":"de"},{"@type":"Organization","@id":"https:\/\/www.lampo.it\/#organization","name":"Agenzia Lampo","url":"https:\/\/www.lampo.it\/","logo":{"@type":"ImageObject","inLanguage":"de","@id":"https:\/\/www.lampo.it\/#\/schema\/logo\/image\/","url":"https:\/\/www.lampo.it\/wp-content\/uploads\/2025\/07\/logo-lampo_ok_2012.png","contentUrl":"https:\/\/www.lampo.it\/wp-content\/uploads\/2025\/07\/logo-lampo_ok_2012.png","width":349,"height":137,"caption":"Agenzia Lampo"},"image":{"@id":"https:\/\/www.lampo.it\/#\/schema\/logo\/image\/"}},{"@type":"Person","@id":"https:\/\/www.lampo.it\/#\/schema\/person\/1027fc4785e6a6e93fcc24f4c7b6a2c7","name":"Manuela Bellotto","image":{"@type":"ImageObject","inLanguage":"de","@id":"https:\/\/secure.gravatar.com\/avatar\/42a1de295add8c33fd5048ebdd390af14c654bb55f9af92cf9fd71f197d4ffc8?s=96&d=mm&r=g","url":"https:\/\/secure.gravatar.com\/avatar\/42a1de295add8c33fd5048ebdd390af14c654bb55f9af92cf9fd71f197d4ffc8?s=96&d=mm&r=g","contentUrl":"https:\/\/secure.gravatar.com\/avatar\/42a1de295add8c33fd5048ebdd390af14c654bb55f9af92cf9fd71f197d4ffc8?s=96&d=mm&r=g","caption":"Manuela Bellotto"},"sameAs":["https:\/\/www.lampo.it"],"url":"https:\/\/www.lampo.it\/de\/author\/avantioblog\/"}]}},"_links":{"self":[{"href":"https:\/\/www.lampo.it\/de\/wp-json\/wp\/v2\/posts\/3026289","targetHints":{"allow":["GET"]}}],"collection":[{"href":"https:\/\/www.lampo.it\/de\/wp-json\/wp\/v2\/posts"}],"about":[{"href":"https:\/\/www.lampo.it\/de\/wp-json\/wp\/v2\/types\/post"}],"author":[{"embeddable":true,"href":"https:\/\/www.lampo.it\/de\/wp-json\/wp\/v2\/users\/1"}],"replies":[{"embeddable":true,"href":"https:\/\/www.lampo.it\/de\/wp-json\/wp\/v2\/comments?post=3026289"}],"version-history":[{"count":1,"href":"https:\/\/www.lampo.it\/de\/wp-json\/wp\/v2\/posts\/3026289\/revisions"}],"predecessor-version":[{"id":3175869,"href":"https:\/\/www.lampo.it\/de\/wp-json\/wp\/v2\/posts\/3026289\/revisions\/3175869"}],"wp:featuredmedia":[{"embeddable":true,"href":"https:\/\/www.lampo.it\/de\/wp-json\/wp\/v2\/media\/3026645"}],"wp:attachment":[{"href":"https:\/\/www.lampo.it\/de\/wp-json\/wp\/v2\/media?parent=3026289"}],"wp:term":[{"taxonomy":"category","embeddable":true,"href":"https:\/\/www.lampo.it\/de\/wp-json\/wp\/v2\/categories?post=3026289"},{"taxonomy":"post_tag","embeddable":true,"href":"https:\/\/www.lampo.it\/de\/wp-json\/wp\/v2\/tags?post=3026289"}],"curies":[{"name":"wp","href":"https:\/\/api.w.org\/{rel}","templated":true}]}}