{"id":3118440,"date":"2023-10-30T10:00:00","date_gmt":"2023-10-30T10:00:00","guid":{"rendered":"https:\/\/www.lampo.it\/?p=3118440"},"modified":"2025-07-07T09:29:54","modified_gmt":"2025-07-07T09:29:54","slug":"das-thermalbad-von-bibione","status":"publish","type":"post","link":"https:\/\/www.lampo.it\/de\/leute\/das-thermalbad-von-bibione\/","title":{"rendered":"Das Thermalbad von Bibione"},"content":{"rendered":"<p>Sie verbringen Ihren Urlaub in Bibione und suchen eine M\u00f6glichkeit, sich zu <strong>erholen <\/strong>und wollen Ihre wertvolle Zeit der <strong>Wellness<\/strong> widmen? Dann ist das <strong>Thermalbad von<\/strong> <strong>Bibione <\/strong>die perfekte Wahl f\u00fcr Sie und Ihre Familie. Es befindet sich nur wenige Meter vom Strand entfernt in einem weitl\u00e4ufigen Gebiet zwischen Bibione Spiaggia und Bibione Lido del Sole mit Blick auf die Adria und bietet nicht nur <strong>regenerierende und heilende Thermalbehandlungen<\/strong>, sondern auch ein komplettes Entspannungs- und Wellness-Erlebnis f\u00fcr jedermann.<\/p>\n<p>M\u00f6chten Sie mehr \u00fcber die Preise des Thermalbads Bibione oder die verf\u00fcgbaren <strong>Behandlungen<\/strong>, <strong>\u00d6ffnungszeiten<\/strong> und Angebote der Thermen von Bibione wissen?<\/p>\n<p>In diesem Artikel erfahren Sie alles, was Sie \u00fcber Bibione Terme wissen m\u00fcssen, von den angebotenen <strong>Behandlungen<\/strong> \u00fcber die \u00d6ffnungszeiten bis hin zu den Unterkunftsm\u00f6glichkeiten in der N\u00e4he.<\/p>\n<p><img fetchpriority=\"high\" decoding=\"async\" class=\"alignnone size-full wp-image-3118407\" src=\"https:\/\/www.lampo.it\/wp-content\/uploads\/2023\/10\/MG_0418.jpg\" alt=\"\" width=\"470\" height=\"300\" \/><\/p>\n<h2>Thermalbad Bibione: Praktische Informationen<\/h2>\n<p>Die Thermen von Bibione sind eine ruhige, friedliche Oase fern von der Hektik des Alltags.<\/p>\n<p>Wann schlie\u00dfen die Thermen von Bibione? Tats\u00e4chlich <strong>sind sie das ganze Jahr \u00fcber ge\u00f6ffnet<\/strong>, nicht nur im Sommer, haben aber unterschiedliche \u00d6ffnungszeiten, je nachdem, ob es sich um die Thermalb\u00e4der und die Bereiche f\u00fcr die Wellness oder f\u00fcr die Behandlungen handelt. Hier finden Sie alle Informationen zu den \u00d6ffnungszeiten der Thermen von Bibione:<\/p>\n<ul>\n<li>&#8211; Die Schwimmb\u00e4der im <strong>Behandlungsbereich<\/strong> sind montags bis freitags von 8.00 bis 12.30 Uhr und von 14.00 bis 17.30 Uhr ge\u00f6ffnet. Die Heilbecken sind montags bis freitags von 8.00 bis 12.30 Uhr und von 14.00 bis 17.30 Uhr ge\u00f6ffnet, w\u00e4hrend sie am Samstag nur vormittags ge\u00f6ffnet und am Sonntag ganzt\u00e4gig geschlossen sind.<\/li>\n<\/ul>\n<ul>\n<li>&#8211; Die <strong>Thermalb\u00e4der im Innenbereich und im Freien<\/strong> bieten einen erholsamen R\u00fcckzugsort f\u00fcr alle G\u00e4ste, die eine Auszeit vom Stress und eine Kur f\u00fcr K\u00f6rper und Geist ben\u00f6tigen, und sind im Winter t\u00e4glich au\u00dfer am Dienstag (Ruhetag) von 14.00 bis 20.00 Uhr ge\u00f6ffnet. Am Samstag sind sie von 10 bis 23 Uhr und am Sonntag von 10 bis 20 Uhr ge\u00f6ffnet. <a href=\"https:\/\/www.bibioneterme.it\/contatti-e-indirizzi.html\"><strong>Weitere Informationen<\/strong><\/a> erhalten Sie unter der Telefonnummer 0431.441111.<\/li>\n<\/ul>\n<p>Weitere n\u00fctzliche Informationen:<\/p>\n<ul>\n<li>&#8211; Das Thermalbad steht allen G\u00e4sten offen und <strong>befindet sich in der Via delle Colonie 4<\/strong> in Bibione, Venedig (VE). Auf dem<strong> gro\u00dfen Parkplatz<\/strong> kann man bequem parken, dann sind es nur ein paar Meter zum Wellness-Zentrum in Strandn\u00e4he.<\/li>\n<li>&#8211; Die Thermalb\u00e4der im Innenbereich und im Freien verf\u00fcgen \u00fcber einen <strong>zertifizierten Aufzug f\u00fcr behinderte Menschen<\/strong>, der ihnen den Ein- und Ausstieg aus dem Wasser erleichtert.<\/li>\n<\/ul>\n<p><img decoding=\"async\" class=\"alignnone size-full wp-image-3118412\" src=\"https:\/\/www.lampo.it\/wp-content\/uploads\/2023\/10\/MG_0410.jpg\" alt=\"\" width=\"470\" height=\"300\" \/><\/p>\n<p><img decoding=\"async\" class=\"alignnone size-full wp-image-3118417\" src=\"https:\/\/www.lampo.it\/wp-content\/uploads\/2023\/10\/MG_0471.jpg\" alt=\"\" width=\"470\" height=\"300\" \/><\/p>\n<h2>Das brauchen Sie im Thermalbad von Bibione<\/h2>\n<p>Auch wenn Sie das Thermalbad nicht besuchen, um besondere Heilbehandlungen in Anspruch zu nehmen, sondern sich einfach nur entspannen, am\u00fcsieren und das Thermalwasser genie\u00dfen m\u00f6chten, empfehlen wir Ihnen, <strong>ein paar Dinge mitzubringen<\/strong>, um einen angenehmen Tag zu verbringen:<\/p>\n<ul>\n<li>&#8211; Nat\u00fcrlich brauchen Sie einen<strong> Badeanzug<\/strong>, um die Thermalb\u00e4der und Pools nutzen zu k\u00f6nnen, wie auch Handt\u00fccher, Hausschuhe, Badekappen, Handt\u00fccher, Schwimmbrillen und -fl\u00fcgel sowie Windeln f\u00fcr Kinder. Bitte beachten Sie, dass Badekappen, Hausschuhe, Badem\u00e4ntel und Handt\u00fccher an den Kassen der Thermalb\u00e4der gemietet oder gekauft werden k\u00f6nnen.<\/li>\n<li><strong>&#8211; Leichte Kleidung<\/strong>: Obwohl die Thermalb\u00e4der im Innenbereich sind, sollten Sie zwischen den Behandlungen oder wenn Sie an der Bar oder im Restaurant etwas zu sich nehmen m\u00f6chten, leichte, bequeme Kleidung tragen.<\/li>\n<li>&#8211; Mit einem<strong> Buch oder <\/strong>einer <strong>Zeitschrift<\/strong> k\u00f6nnen Sie sich die Wartezeit zwischen den Behandlungen vertreiben.<\/li>\n<li><strong>&#8211; Pflegeprodukte f\u00fcr Haut und Haare<\/strong>: Nach den Behandlungen ist es angenehm, die eigenen Lieblingsprodukte zur Hand zu haben.<\/li>\n<\/ul>\n<h3>Ein Tag im Thermalbad von Bibione<\/h3>\n<p>Ein Besuch in den <a href=\"https:\/\/www.bibioneterme.it\/\">Therme von Bibione<\/a> ist eine wirklich <strong>luxuri\u00f6se Erfahrung<\/strong>; eine Anlaufstelle f\u00fcr alle, die eine Behandlung ben\u00f6tigen, etwas f\u00fcr Ihre Sch\u00f6nheit tun wollen oder einfach nur eine Auszeit brauchen, um sich in einem ruhigen und erholsamen Ambiente zu entspannen.<\/p>\n<ul>\n<li><strong>&#8211; Thermalbehandlungen in Bibione<\/strong>: Das Thermalbad bietet eine breite Palette an Behandlungen, darunter Sauna, Schlammb\u00e4der, Massagen verschiedener Art, Peeling, spezielle Anwendungen f\u00fcr Gesicht und K\u00f6rper, Sch\u00f6nheits- und Br\u00e4unungsbehandlungen, t\u00fcrkische und hypersaline B\u00e4der, Emotionsduschen sowie n\u00e4hrende, entw\u00e4ssernde und gl\u00e4ttende Packungen. Sie k\u00f6nnen Ihre Wellness-Parcours ganz nach Ihren Bed\u00fcrfnissen gestalten und werden von <strong>hochqualifiziertem Personal<\/strong><\/li>\n<\/ul>\n<ul>\n<li><strong>&#8211; Thermalbecken, Wellnessbereich<\/strong>: Die Thermen verf\u00fcgen \u00fcber mehrere Thermalb\u00e4der mit unterschiedlichen Temperaturen und therapeutischen Eigenschaften sowie \u00fcber einen Wellnessbereich. Ein Bad unter einem Wasserfall, Geysir und in den verschiedenen Whirlpools ist ein erholsames Vergn\u00fcgen.<\/li>\n<\/ul>\n<p>Es werden auch <strong>Acquagym-Kurse im Thermalwasser<\/strong> angeboten, die f\u00fcr eine St\u00e4rkung der Muskulatur sorgen.<\/p>\n<p>M\u00f6chten Sie wissen, <strong>wie viel ein Besuch im Thermalbad von Bibione kostet<\/strong>? Die Preise richten sich nach der Dauer des Aufenthalts, dem Alter der Besucher und liegen montags bis freitags zwischen 23,00 und 41,00 \u20ac und an Samstagen, Sonntagen und Feiertagen zwischen 38,00 und 49,00 \u20ac. Es sind aber <strong>auch<\/strong> besondere Angebote und g\u00fcnstige <strong>Abonnements<\/strong> f\u00fcr die Thermalb\u00e4der <strong>erh\u00e4ltlich<\/strong>, die f\u00fcr 6 oder 12 Eintritte gelten.<\/p>\n<ul>\n<li><strong>&#8211; Entspannungsbereich<\/strong>: Nach den Behandlungen k\u00f6nnen Sie sich in einem besonderen Erholungsbereich entspannen, einen Kr\u00e4utertee trinken oder ein gutes Buch lesen.<\/li>\n<li><strong>&#8211; Restaurant im Wellness-Zentrum<\/strong>: Im ersten Stock des Wellnessbereichs, der mit den Thermalb\u00e4dern verbunden ist, befinden sich die Bar und das Restaurant der Thermen von Bibione, wo Sie Ihren Wellness-Tag mit <strong>leichten und gesunden Speisen <\/strong>ausklingen lassen k\u00f6nnen.<\/li>\n<\/ul>\n<p><img loading=\"lazy\" decoding=\"async\" class=\"alignnone size-full wp-image-3118422\" src=\"https:\/\/www.lampo.it\/wp-content\/uploads\/2023\/10\/MG_0504.jpg\" alt=\"\" width=\"470\" height=\"300\" \/><\/p>\n<p><img loading=\"lazy\" decoding=\"async\" class=\"alignnone size-full wp-image-3118427\" src=\"https:\/\/www.lampo.it\/wp-content\/uploads\/2023\/10\/MG_0654.jpg\" alt=\"\" width=\"470\" height=\"300\" \/><\/p>\n<h2>Unterk\u00fcnfte in Bibione in der N\u00e4he des Thermalbads<\/h2>\n<p>Wenn Sie l\u00e4nger bleiben m\u00f6chten, um das Thermalbad noch \u00f6fter zu besuchen, bietet Ihnen Bibione zahlreiche <strong>Unterk\u00fcnfte in der N\u00e4he des Wellness-Zentrums<\/strong>. Sie k\u00f6nnen w\u00e4hlen zwischen einem <strong>Zimmer in einem Hotel<\/strong>, einem Ressort und <strong>komfortablen, modernen Ferienwohnungen<\/strong>, wie es Ihren Bed\u00fcrfnissen und Vorlieben entspricht. Am besten setzen Sie sich mit uns in <a href=\"https:\/\/www.lampo.it\/bibione\/contattaci\/\">Verbindung<\/a>, damit wir f\u00fcr Sie eine L\u00f6sung finden: ein Apartment oder ein gro\u00dfes, ger\u00e4umiges Zimmer, wie es das <a href=\"https:\/\/www.lampo.it\/bibione\/contattaci\/\">Residence Aparthotel BlueMarine <\/a>bietet.<\/p>\n<h3><strong>Kommen und finden Sie Entspannung.<\/strong><\/h3>\n<p>Das <strong>Thermalbad Bibione<\/strong> ist der ideale Ort f\u00fcr einen <strong>erholsamen Urlaub<\/strong>, wenn Sie spezielle Thermalbehandlungen suchen oder einfach nur entspannen wollen.<\/p>\n<p>Buchen Sie Ihren Wellness-Urlaub und <strong>wenden Sie sich an Agenzia Lampo<\/strong>, um die ideale Unterkunft f\u00fcr sich und Ihre Familie zu finden. Im Thermalbad k\u00f6nnen Sie sich entspannen, regenerieren und sich eine unvergessliche Erfahrung g\u00f6nnen.<\/p>\n<p><img loading=\"lazy\" decoding=\"async\" class=\"alignnone size-full wp-image-3118432\" src=\"https:\/\/www.lampo.it\/wp-content\/uploads\/2023\/10\/bibione-dove-dormire.jpg\" alt=\"\" width=\"470\" height=\"300\" \/><\/p>\n<p><img loading=\"lazy\" decoding=\"async\" class=\"alignnone size-full wp-image-3118437\" src=\"https:\/\/www.lampo.it\/wp-content\/uploads\/2023\/10\/bibione-dormire.jpg\" alt=\"\" width=\"470\" height=\"300\" \/><\/p>\n","protected":false},"excerpt":{"rendered":"<p>Wellness f\u00fcr die ganze Familie<\/p>\n","protected":false},"author":1,"featured_media":3118424,"comment_status":"open","ping_status":"closed","sticky":false,"template":"","format":"standard","meta":{"footnotes":""},"categories":[37],"tags":[145],"class_list":["post-3118440","post","type-post","status-publish","format-standard","has-post-thumbnail","hentry","category-leute","tag-bibione-en"],"yoast_head":"<!-- This site is optimized with the Yoast SEO plugin v27.5 - https:\/\/yoast.com\/product\/yoast-seo-wordpress\/ -->\n<title>Thermalbad Bibione: Behandlungen und \u00d6ffnungszeiten - Agenzia Lampo<\/title>\n<meta name=\"description\" content=\"Das Thermalbad von Bibione ist das ganze Jahr offen. Erfahren Sie mehr \u00fcber die durchgef\u00fchrten Behandlungen, \u00d6ffnungszeiten und Angebote f\u00fcr einen erholsamen Urlaub. Buchen Sie bei Agenzia Lampo und sparen Sie!\" \/>\n<meta name=\"robots\" content=\"index, follow, max-snippet:-1, max-image-preview:large, max-video-preview:-1\" \/>\n<link rel=\"canonical\" href=\"https:\/\/www.lampo.it\/de\/leute\/das-thermalbad-von-bibione\/\" \/>\n<meta property=\"og:locale\" content=\"de_DE\" \/>\n<meta property=\"og:type\" content=\"article\" \/>\n<meta property=\"og:title\" content=\"Thermalbad Bibione: Behandlungen und \u00d6ffnungszeiten - Agenzia Lampo\" \/>\n<meta property=\"og:description\" content=\"Das Thermalbad von Bibione ist das ganze Jahr offen. Erfahren Sie mehr \u00fcber die durchgef\u00fchrten Behandlungen, \u00d6ffnungszeiten und Angebote f\u00fcr einen erholsamen Urlaub. Buchen Sie bei Agenzia Lampo und sparen Sie!\" \/>\n<meta property=\"og:url\" content=\"https:\/\/www.lampo.it\/de\/leute\/das-thermalbad-von-bibione\/\" \/>\n<meta property=\"og:site_name\" content=\"Agenzia Lampo\" \/>\n<meta property=\"article:published_time\" content=\"2023-10-30T10:00:00+00:00\" \/>\n<meta property=\"article:modified_time\" content=\"2025-07-07T09:29:54+00:00\" \/>\n<meta property=\"og:image\" content=\"https:\/\/www.lampo.it\/wp-content\/uploads\/2023\/10\/MG_0654.jpg\" \/>\n\t<meta property=\"og:image:width\" content=\"470\" \/>\n\t<meta property=\"og:image:height\" content=\"300\" \/>\n\t<meta property=\"og:image:type\" content=\"image\/jpeg\" \/>\n<meta name=\"author\" content=\"Manuela Bellotto\" \/>\n<meta name=\"twitter:card\" content=\"summary_large_image\" \/>\n<meta name=\"twitter:label1\" content=\"Verfasst von\" \/>\n\t<meta name=\"twitter:data1\" content=\"Manuela Bellotto\" \/>\n\t<meta name=\"twitter:label2\" content=\"Gesch\u00e4tzte Lesezeit\" \/>\n\t<meta name=\"twitter:data2\" content=\"6\u00a0Minuten\" \/>\n<script type=\"application\/ld+json\" class=\"yoast-schema-graph\">{\"@context\":\"https:\\\/\\\/schema.org\",\"@graph\":[{\"@type\":\"Article\",\"@id\":\"https:\\\/\\\/www.lampo.it\\\/de\\\/leute\\\/das-thermalbad-von-bibione\\\/#article\",\"isPartOf\":{\"@id\":\"https:\\\/\\\/www.lampo.it\\\/de\\\/leute\\\/das-thermalbad-von-bibione\\\/\"},\"author\":{\"name\":\"Manuela Bellotto\",\"@id\":\"https:\\\/\\\/www.lampo.it\\\/#\\\/schema\\\/person\\\/1027fc4785e6a6e93fcc24f4c7b6a2c7\"},\"headline\":\"Das Thermalbad von Bibione\",\"datePublished\":\"2023-10-30T10:00:00+00:00\",\"dateModified\":\"2025-07-07T09:29:54+00:00\",\"mainEntityOfPage\":{\"@id\":\"https:\\\/\\\/www.lampo.it\\\/de\\\/leute\\\/das-thermalbad-von-bibione\\\/\"},\"wordCount\":1049,\"commentCount\":0,\"publisher\":{\"@id\":\"https:\\\/\\\/www.lampo.it\\\/#organization\"},\"image\":{\"@id\":\"https:\\\/\\\/www.lampo.it\\\/de\\\/leute\\\/das-thermalbad-von-bibione\\\/#primaryimage\"},\"thumbnailUrl\":\"https:\\\/\\\/www.lampo.it\\\/wp-content\\\/uploads\\\/2023\\\/10\\\/MG_0654.jpg\",\"keywords\":[\"bibione\"],\"articleSection\":[\"Leute\"],\"inLanguage\":\"de\",\"potentialAction\":[{\"@type\":\"CommentAction\",\"name\":\"Comment\",\"target\":[\"https:\\\/\\\/www.lampo.it\\\/de\\\/leute\\\/das-thermalbad-von-bibione\\\/#respond\"]}]},{\"@type\":\"WebPage\",\"@id\":\"https:\\\/\\\/www.lampo.it\\\/de\\\/leute\\\/das-thermalbad-von-bibione\\\/\",\"url\":\"https:\\\/\\\/www.lampo.it\\\/de\\\/leute\\\/das-thermalbad-von-bibione\\\/\",\"name\":\"Thermalbad Bibione: Behandlungen und \u00d6ffnungszeiten - Agenzia Lampo\",\"isPartOf\":{\"@id\":\"https:\\\/\\\/www.lampo.it\\\/#website\"},\"primaryImageOfPage\":{\"@id\":\"https:\\\/\\\/www.lampo.it\\\/de\\\/leute\\\/das-thermalbad-von-bibione\\\/#primaryimage\"},\"image\":{\"@id\":\"https:\\\/\\\/www.lampo.it\\\/de\\\/leute\\\/das-thermalbad-von-bibione\\\/#primaryimage\"},\"thumbnailUrl\":\"https:\\\/\\\/www.lampo.it\\\/wp-content\\\/uploads\\\/2023\\\/10\\\/MG_0654.jpg\",\"datePublished\":\"2023-10-30T10:00:00+00:00\",\"dateModified\":\"2025-07-07T09:29:54+00:00\",\"description\":\"Das Thermalbad von Bibione ist das ganze Jahr offen. Erfahren Sie mehr \u00fcber die durchgef\u00fchrten Behandlungen, \u00d6ffnungszeiten und Angebote f\u00fcr einen erholsamen Urlaub. Buchen Sie bei Agenzia Lampo und sparen Sie!\",\"breadcrumb\":{\"@id\":\"https:\\\/\\\/www.lampo.it\\\/de\\\/leute\\\/das-thermalbad-von-bibione\\\/#breadcrumb\"},\"inLanguage\":\"de\",\"potentialAction\":[{\"@type\":\"ReadAction\",\"target\":[\"https:\\\/\\\/www.lampo.it\\\/de\\\/leute\\\/das-thermalbad-von-bibione\\\/\"]}]},{\"@type\":\"ImageObject\",\"inLanguage\":\"de\",\"@id\":\"https:\\\/\\\/www.lampo.it\\\/de\\\/leute\\\/das-thermalbad-von-bibione\\\/#primaryimage\",\"url\":\"https:\\\/\\\/www.lampo.it\\\/wp-content\\\/uploads\\\/2023\\\/10\\\/MG_0654.jpg\",\"contentUrl\":\"https:\\\/\\\/www.lampo.it\\\/wp-content\\\/uploads\\\/2023\\\/10\\\/MG_0654.jpg\",\"width\":470,\"height\":300},{\"@type\":\"BreadcrumbList\",\"@id\":\"https:\\\/\\\/www.lampo.it\\\/de\\\/leute\\\/das-thermalbad-von-bibione\\\/#breadcrumb\",\"itemListElement\":[{\"@type\":\"ListItem\",\"position\":1,\"name\":\"Home\",\"item\":\"https:\\\/\\\/www.lampo.it\\\/\"},{\"@type\":\"ListItem\",\"position\":2,\"name\":\"Das Thermalbad von Bibione\"}]},{\"@type\":\"WebSite\",\"@id\":\"https:\\\/\\\/www.lampo.it\\\/#website\",\"url\":\"https:\\\/\\\/www.lampo.it\\\/\",\"name\":\"Agenzia Lampo\",\"description\":\"Agenzia Lampo. Affitti brevi sulla Costa Veneta\",\"publisher\":{\"@id\":\"https:\\\/\\\/www.lampo.it\\\/#organization\"},\"potentialAction\":[{\"@type\":\"SearchAction\",\"target\":{\"@type\":\"EntryPoint\",\"urlTemplate\":\"https:\\\/\\\/www.lampo.it\\\/?s={search_term_string}\"},\"query-input\":{\"@type\":\"PropertyValueSpecification\",\"valueRequired\":true,\"valueName\":\"search_term_string\"}}],\"inLanguage\":\"de\"},{\"@type\":\"Organization\",\"@id\":\"https:\\\/\\\/www.lampo.it\\\/#organization\",\"name\":\"Agenzia Lampo\",\"url\":\"https:\\\/\\\/www.lampo.it\\\/\",\"logo\":{\"@type\":\"ImageObject\",\"inLanguage\":\"de\",\"@id\":\"https:\\\/\\\/www.lampo.it\\\/#\\\/schema\\\/logo\\\/image\\\/\",\"url\":\"https:\\\/\\\/www.lampo.it\\\/wp-content\\\/uploads\\\/2025\\\/07\\\/logo-lampo_ok_2012.png\",\"contentUrl\":\"https:\\\/\\\/www.lampo.it\\\/wp-content\\\/uploads\\\/2025\\\/07\\\/logo-lampo_ok_2012.png\",\"width\":349,\"height\":137,\"caption\":\"Agenzia Lampo\"},\"image\":{\"@id\":\"https:\\\/\\\/www.lampo.it\\\/#\\\/schema\\\/logo\\\/image\\\/\"}},{\"@type\":\"Person\",\"@id\":\"https:\\\/\\\/www.lampo.it\\\/#\\\/schema\\\/person\\\/1027fc4785e6a6e93fcc24f4c7b6a2c7\",\"name\":\"Manuela Bellotto\",\"image\":{\"@type\":\"ImageObject\",\"inLanguage\":\"de\",\"@id\":\"https:\\\/\\\/secure.gravatar.com\\\/avatar\\\/42a1de295add8c33fd5048ebdd390af14c654bb55f9af92cf9fd71f197d4ffc8?s=96&d=mm&r=g\",\"url\":\"https:\\\/\\\/secure.gravatar.com\\\/avatar\\\/42a1de295add8c33fd5048ebdd390af14c654bb55f9af92cf9fd71f197d4ffc8?s=96&d=mm&r=g\",\"contentUrl\":\"https:\\\/\\\/secure.gravatar.com\\\/avatar\\\/42a1de295add8c33fd5048ebdd390af14c654bb55f9af92cf9fd71f197d4ffc8?s=96&d=mm&r=g\",\"caption\":\"Manuela Bellotto\"},\"sameAs\":[\"https:\\\/\\\/www.lampo.it\"],\"url\":\"https:\\\/\\\/www.lampo.it\\\/de\\\/author\\\/avantioblog\\\/\"}]}<\/script>\n<!-- \/ Yoast SEO plugin. -->","yoast_head_json":{"title":"Thermalbad Bibione: Behandlungen und \u00d6ffnungszeiten - Agenzia Lampo","description":"Das Thermalbad von Bibione ist das ganze Jahr offen. Erfahren Sie mehr \u00fcber die durchgef\u00fchrten Behandlungen, \u00d6ffnungszeiten und Angebote f\u00fcr einen erholsamen Urlaub. Buchen Sie bei Agenzia Lampo und sparen Sie!","robots":{"index":"index","follow":"follow","max-snippet":"max-snippet:-1","max-image-preview":"max-image-preview:large","max-video-preview":"max-video-preview:-1"},"canonical":"https:\/\/www.lampo.it\/de\/leute\/das-thermalbad-von-bibione\/","og_locale":"de_DE","og_type":"article","og_title":"Thermalbad Bibione: Behandlungen und \u00d6ffnungszeiten - Agenzia Lampo","og_description":"Das Thermalbad von Bibione ist das ganze Jahr offen. Erfahren Sie mehr \u00fcber die durchgef\u00fchrten Behandlungen, \u00d6ffnungszeiten und Angebote f\u00fcr einen erholsamen Urlaub. Buchen Sie bei Agenzia Lampo und sparen Sie!","og_url":"https:\/\/www.lampo.it\/de\/leute\/das-thermalbad-von-bibione\/","og_site_name":"Agenzia Lampo","article_published_time":"2023-10-30T10:00:00+00:00","article_modified_time":"2025-07-07T09:29:54+00:00","og_image":[{"width":470,"height":300,"url":"https:\/\/www.lampo.it\/wp-content\/uploads\/2023\/10\/MG_0654.jpg","type":"image\/jpeg"}],"author":"Manuela Bellotto","twitter_card":"summary_large_image","twitter_misc":{"Verfasst von":"Manuela Bellotto","Gesch\u00e4tzte Lesezeit":"6\u00a0Minuten"},"schema":{"@context":"https:\/\/schema.org","@graph":[{"@type":"Article","@id":"https:\/\/www.lampo.it\/de\/leute\/das-thermalbad-von-bibione\/#article","isPartOf":{"@id":"https:\/\/www.lampo.it\/de\/leute\/das-thermalbad-von-bibione\/"},"author":{"name":"Manuela Bellotto","@id":"https:\/\/www.lampo.it\/#\/schema\/person\/1027fc4785e6a6e93fcc24f4c7b6a2c7"},"headline":"Das Thermalbad von Bibione","datePublished":"2023-10-30T10:00:00+00:00","dateModified":"2025-07-07T09:29:54+00:00","mainEntityOfPage":{"@id":"https:\/\/www.lampo.it\/de\/leute\/das-thermalbad-von-bibione\/"},"wordCount":1049,"commentCount":0,"publisher":{"@id":"https:\/\/www.lampo.it\/#organization"},"image":{"@id":"https:\/\/www.lampo.it\/de\/leute\/das-thermalbad-von-bibione\/#primaryimage"},"thumbnailUrl":"https:\/\/www.lampo.it\/wp-content\/uploads\/2023\/10\/MG_0654.jpg","keywords":["bibione"],"articleSection":["Leute"],"inLanguage":"de","potentialAction":[{"@type":"CommentAction","name":"Comment","target":["https:\/\/www.lampo.it\/de\/leute\/das-thermalbad-von-bibione\/#respond"]}]},{"@type":"WebPage","@id":"https:\/\/www.lampo.it\/de\/leute\/das-thermalbad-von-bibione\/","url":"https:\/\/www.lampo.it\/de\/leute\/das-thermalbad-von-bibione\/","name":"Thermalbad Bibione: Behandlungen und \u00d6ffnungszeiten - Agenzia Lampo","isPartOf":{"@id":"https:\/\/www.lampo.it\/#website"},"primaryImageOfPage":{"@id":"https:\/\/www.lampo.it\/de\/leute\/das-thermalbad-von-bibione\/#primaryimage"},"image":{"@id":"https:\/\/www.lampo.it\/de\/leute\/das-thermalbad-von-bibione\/#primaryimage"},"thumbnailUrl":"https:\/\/www.lampo.it\/wp-content\/uploads\/2023\/10\/MG_0654.jpg","datePublished":"2023-10-30T10:00:00+00:00","dateModified":"2025-07-07T09:29:54+00:00","description":"Das Thermalbad von Bibione ist das ganze Jahr offen. Erfahren Sie mehr \u00fcber die durchgef\u00fchrten Behandlungen, \u00d6ffnungszeiten und Angebote f\u00fcr einen erholsamen Urlaub. Buchen Sie bei Agenzia Lampo und sparen Sie!","breadcrumb":{"@id":"https:\/\/www.lampo.it\/de\/leute\/das-thermalbad-von-bibione\/#breadcrumb"},"inLanguage":"de","potentialAction":[{"@type":"ReadAction","target":["https:\/\/www.lampo.it\/de\/leute\/das-thermalbad-von-bibione\/"]}]},{"@type":"ImageObject","inLanguage":"de","@id":"https:\/\/www.lampo.it\/de\/leute\/das-thermalbad-von-bibione\/#primaryimage","url":"https:\/\/www.lampo.it\/wp-content\/uploads\/2023\/10\/MG_0654.jpg","contentUrl":"https:\/\/www.lampo.it\/wp-content\/uploads\/2023\/10\/MG_0654.jpg","width":470,"height":300},{"@type":"BreadcrumbList","@id":"https:\/\/www.lampo.it\/de\/leute\/das-thermalbad-von-bibione\/#breadcrumb","itemListElement":[{"@type":"ListItem","position":1,"name":"Home","item":"https:\/\/www.lampo.it\/"},{"@type":"ListItem","position":2,"name":"Das Thermalbad von Bibione"}]},{"@type":"WebSite","@id":"https:\/\/www.lampo.it\/#website","url":"https:\/\/www.lampo.it\/","name":"Agenzia Lampo","description":"Agenzia Lampo. Affitti brevi sulla Costa Veneta","publisher":{"@id":"https:\/\/www.lampo.it\/#organization"},"potentialAction":[{"@type":"SearchAction","target":{"@type":"EntryPoint","urlTemplate":"https:\/\/www.lampo.it\/?s={search_term_string}"},"query-input":{"@type":"PropertyValueSpecification","valueRequired":true,"valueName":"search_term_string"}}],"inLanguage":"de"},{"@type":"Organization","@id":"https:\/\/www.lampo.it\/#organization","name":"Agenzia Lampo","url":"https:\/\/www.lampo.it\/","logo":{"@type":"ImageObject","inLanguage":"de","@id":"https:\/\/www.lampo.it\/#\/schema\/logo\/image\/","url":"https:\/\/www.lampo.it\/wp-content\/uploads\/2025\/07\/logo-lampo_ok_2012.png","contentUrl":"https:\/\/www.lampo.it\/wp-content\/uploads\/2025\/07\/logo-lampo_ok_2012.png","width":349,"height":137,"caption":"Agenzia Lampo"},"image":{"@id":"https:\/\/www.lampo.it\/#\/schema\/logo\/image\/"}},{"@type":"Person","@id":"https:\/\/www.lampo.it\/#\/schema\/person\/1027fc4785e6a6e93fcc24f4c7b6a2c7","name":"Manuela Bellotto","image":{"@type":"ImageObject","inLanguage":"de","@id":"https:\/\/secure.gravatar.com\/avatar\/42a1de295add8c33fd5048ebdd390af14c654bb55f9af92cf9fd71f197d4ffc8?s=96&d=mm&r=g","url":"https:\/\/secure.gravatar.com\/avatar\/42a1de295add8c33fd5048ebdd390af14c654bb55f9af92cf9fd71f197d4ffc8?s=96&d=mm&r=g","contentUrl":"https:\/\/secure.gravatar.com\/avatar\/42a1de295add8c33fd5048ebdd390af14c654bb55f9af92cf9fd71f197d4ffc8?s=96&d=mm&r=g","caption":"Manuela Bellotto"},"sameAs":["https:\/\/www.lampo.it"],"url":"https:\/\/www.lampo.it\/de\/author\/avantioblog\/"}]}},"_links":{"self":[{"href":"https:\/\/www.lampo.it\/de\/wp-json\/wp\/v2\/posts\/3118440","targetHints":{"allow":["GET"]}}],"collection":[{"href":"https:\/\/www.lampo.it\/de\/wp-json\/wp\/v2\/posts"}],"about":[{"href":"https:\/\/www.lampo.it\/de\/wp-json\/wp\/v2\/types\/post"}],"author":[{"embeddable":true,"href":"https:\/\/www.lampo.it\/de\/wp-json\/wp\/v2\/users\/1"}],"replies":[{"embeddable":true,"href":"https:\/\/www.lampo.it\/de\/wp-json\/wp\/v2\/comments?post=3118440"}],"version-history":[{"count":1,"href":"https:\/\/www.lampo.it\/de\/wp-json\/wp\/v2\/posts\/3118440\/revisions"}],"predecessor-version":[{"id":3175183,"href":"https:\/\/www.lampo.it\/de\/wp-json\/wp\/v2\/posts\/3118440\/revisions\/3175183"}],"wp:featuredmedia":[{"embeddable":true,"href":"https:\/\/www.lampo.it\/de\/wp-json\/wp\/v2\/media\/3118424"}],"wp:attachment":[{"href":"https:\/\/www.lampo.it\/de\/wp-json\/wp\/v2\/media?parent=3118440"}],"wp:term":[{"taxonomy":"category","embeddable":true,"href":"https:\/\/www.lampo.it\/de\/wp-json\/wp\/v2\/categories?post=3118440"},{"taxonomy":"post_tag","embeddable":true,"href":"https:\/\/www.lampo.it\/de\/wp-json\/wp\/v2\/tags?post=3118440"}],"curies":[{"name":"wp","href":"https:\/\/api.w.org\/{rel}","templated":true}]}}