{"id":3199632,"date":"2026-04-21T06:59:45","date_gmt":"2026-04-21T06:59:45","guid":{"rendered":"https:\/\/www.lampo.it\/adriakueste\/perla-nera\/"},"modified":"2026-04-27T11:42:18","modified_gmt":"2026-04-27T11:42:18","slug":"perla-nera","status":"publish","type":"post","link":"https:\/\/www.lampo.it\/de\/aktivitat\/perla-nera\/","title":{"rendered":"Ein Familienratgeber f\u00fcr La Perla Nera im Pra delle Torri"},"content":{"rendered":"\n<p>Wenn Sie einen Familienurlaub an der Adriak\u00fcste planen und nach etwas wirklich Unvergesslichem jenseits von Sonnenbaden und Gelato suchen, sind Sie hier genau richtig. <\/p>\n\n<p>In diesem Ratgeber nehmen wir Sie mit an Bord der <strong>La Perla Nera<\/strong>. Das legend\u00e4re Piratenschiff ist zu einer beliebten Attraktion an der venezianischen Riviera geworden.  <\/p>\n\n<h2 class=\"wp-block-heading\">Was ist die La Perla Nera Pra delle Torri?<\/h2>\n\n<p>Die <a href=\"https:\/\/laperlanera.biz\/\">La Perla Nera<\/a> ist eine Piratengaleone in Originalgr\u00f6\u00dfe, die an der nordadriatischen K\u00fcste der <strong>Region Venetien<\/strong> verkehrt und bei italienischen sowie internationalen Familien, die die Gegend besuchen, sehr beliebt ist. <\/p>\n\n<p><em>Kapit\u00e4n Andrea<\/em> und seine Crew begr\u00fc\u00dfen Sie an Bord zu einem unvergesslichen Abenteuer auf der Adria. Freuen Sie sich auf Schwertk\u00e4mpfe, Wasserspiele, Kinderschminken, Gruppent\u00e4nze an Deck und einen Begr\u00fc\u00dfungstoast. Das gesamte Abenteuer dauert etwa zwei Stunden und f\u00fchrt Sie entlang der K\u00fcste.   <\/p>\n\n<h2 class=\"wp-block-heading\">Entdecken Sie La Perla Nera<\/h2>\n\n<p><strong>La Perla Nera Pra delle Torri<\/strong> verkehrt in zwei Hauptk\u00fcstengebieten, zwischen <a href=\"https:\/\/www.lampo.it\/de\/neugier\/besuch-in-caorle\/\">Caorle<\/a> und <strong>Bibione<\/strong>. Beide St\u00e4dte liegen in der Region Venetien im Nordosten Italiens, etwa 60\u201380 km von Venedig entfernt. Sie erreichen das Schiff mit einem Schlauchboot, das Sie direkt am Strand abholt, und dann beginnt das Abenteuer an Bord.  <\/p>\n\n<figure class=\"wp-block-image size-full is-resized\"><img fetchpriority=\"high\" decoding=\"async\" width=\"680\" height=\"510\" src=\"https:\/\/www.lampo.it\/wp-content\/uploads\/2026\/04\/Discover-La-Perla-Nera.webp\" alt=\"\" class=\"wp-image-3199575\" style=\"width:800px;height:auto\" srcset=\"https:\/\/www.lampo.it\/wp-content\/uploads\/2026\/04\/Discover-La-Perla-Nera.webp 680w, https:\/\/www.lampo.it\/wp-content\/uploads\/2026\/04\/Discover-La-Perla-Nera-300x225.webp 300w\" sizes=\"(max-width: 680px) 100vw, 680px\" \/><\/figure>\n\n<h3 class=\"wp-block-heading\">Fahrplan Caorle<\/h3>\n\n<p><a href=\"https:\/\/www.caorle.eu\/en\/experience\/Vacanze-in-famiglia\/2-la-perla-nera\">Abfahrten von Caorle<\/a> finden jeden Dienstag und Donnerstag statt. <\/p>\n\n<figure class=\"wp-block-table\"><table class=\"has-fixed-layout\"><tbody><tr><td><strong>Abfahrtszeit<\/strong><\/td><td><strong>Abholpunkt<\/strong><\/td><\/tr><tr><td>10:00<\/td><td>Ferienzentrum San Francesco (Strandseite)<\/td><\/tr><tr><td>13:30<\/td><td>Ferienzentrum Pra delle Torri (Strandseite)<\/td><\/tr><tr><td>16:15<\/td><td>Kirche Madonna dell&#8217;Angelo<\/td><\/tr><\/tbody><\/table><\/figure>\n\n<h3 class=\"wp-block-heading\">Fahrplan Bibione<\/h3>\n\n<p>In <strong>Bibione<\/strong> legt das Schiff dreimal pro Woche ab: Montag, Mittwoch und Freitag. Die Nachmittagstour gegen 16:30 Uhr ist besonders beliebt, da Familien so einen ganzen Tag am Strand genie\u00dfen k\u00f6nnen, bevor sie den Tag mit der Piratenshow an Bord ausklingen lassen und gegen Sonnenuntergang zur\u00fccksegeln. <\/p>\n\n<p>Tickets k\u00f6nnen Sie direkt an Bord kaufen. Wir empfehlen Ihnen, mindestens 30\u201345 Minuten vorher am Abholpunkt zu sein, besonders in den Hauptsommermonaten, da sich am Strand schnell Warteschlangen bilden k\u00f6nnen. <\/p>\n\n<h2 class=\"wp-block-heading\">Familienaktivit\u00e4ten an Bord<\/h2>\n\n<p><strong>La Perla Nera<\/strong> ist zweifellos ein Erlebnis f\u00fcr die ganze Familie. Die Crew an Bord sorgt w\u00e4hrend der gesamten Fahrt f\u00fcr Unterhaltung, wobei am\u00fcsante Piraten direkt an Deck Schwertk\u00e4mpfe und Gruppent\u00e4nze vorf\u00fchren. <\/p>\n\n<h3 class=\"wp-block-heading\">Was an Bord inklusive ist:<\/h3>\n\n<p>\u2694\ufe0f Piratenschwertk\u00e4mpfe und theatralische Duelle<\/p>\n\n<p>\ud83d\udc83 Gruppent\u00e4nze und Kinderdisco<\/p>\n\n<p>\ud83c\udfa8 Kinderschminken<\/p>\n\n<p>\ud83d\udca6 Wasserspiele (Sie werden nass werden, genie\u00dfen Sie es!)<\/p>\n\n<p>\ud83e\udd42 Begr\u00fc\u00dfungstoast an Bord<\/p>\n\n<p>\ud83c\udfb6 Gesang und Unterhaltung durch die Crew w\u00e4hrend der gesamten Fahrt<\/p>\n\n<h2 class=\"wp-block-heading\">Besondere saisonale Veranstaltungen an Bord der La Perla Nera<\/h2>\n\n<figure class=\"wp-block-table\"><table class=\"has-fixed-layout\"><tbody><tr><td><strong>Veranstaltung<\/strong><\/td><td><strong>Details<\/strong><\/td><\/tr><tr><td>Ferragosto (15. August)<\/td><td>Abendliche Fahrt von <a href=\"https:\/\/www.lampo.it\/de\/see\/lido-bibione\/\">Bibione Pineda<\/a> mit leichtem Buffet<\/td><\/tr><tr><td>Halloween<\/td><td>Gruselige Piratennacht<\/td><\/tr><tr><td>Silvester<\/td><td>Originelle Silvesternacht an Bord mit Musik und Atmosph\u00e4re<\/td><\/tr><tr><td>Beach on Fire<\/td><td>Feuerwerks-Kreuzfahrt vor Cavallino mit offener Bar und Buffet<\/td><\/tr><\/tbody><\/table><\/figure>\n\n<h2 class=\"wp-block-heading\">Ist La Perla Nera das Richtige f\u00fcr Ihre Familie? <\/h2>\n\n<h3 class=\"wp-block-heading\">Vorteile<\/h3>\n\n<ul class=\"wp-block-list\">\n<li>Geeignet f\u00fcr alle Altersgruppen, einschlie\u00dflich Kleinkinder und Gro\u00dfeltern<\/li>\n\n\n\n<li>Keine Anreise ins Landesinnere n\u00f6tig, das Boarding erfolgt direkt am Strand<\/li>\n\n\n\n<li>Tickets werden am Tag selbst gekauft, keine komplizierte Buchung erforderlich<\/li>\n\n\n\n<li>Spezielle Events bieten unvergessliche Abendlebnisse<\/li>\n\n\n\n<li>Abfahrten von Caorle und Bibione sind die ganze Woche \u00fcber verf\u00fcgbar<\/li>\n<\/ul>\n\n<h3 class=\"wp-block-heading\">Nachteile<\/h3>\n\n<ul class=\"wp-block-list\">\n<li>Findet am Wochenende nicht statt<\/li>\n\n\n\n<li>Nasse Kleidung ist garantiert, was bei k\u00fchlerem Wetter nicht ideal ist<\/li>\n\n\n\n<li>In den Hauptwochen im Juli\/August kann es sehr voll sein, kommen Sie also fr\u00fchzeitig<\/li>\n\n\n\n<li>Nicht geeignet f\u00fcr G\u00e4ste mit starker Seekrankheit<\/li>\n<\/ul>\n\n<h2 class=\"wp-block-heading\">Einrichtungen und Services bei La Perla Nera<\/h2>\n\n<p>Die Einrichtungen, die den G\u00e4sten rund um den Einstiegspunkt der <strong>La Perla Nera Pra delle Torri<\/strong> zur Verf\u00fcgung stehen, sind hervorragend und hervorzuheben.<\/p>\n\n<p>Das <strong>Ferienzentrum Pra delle Torri<\/strong> befindet sich hier, eingebettet in ein \u00fcppiges, 110 Hektar gro\u00dfes Areal mit einem 18-Loch-Golfplatz direkt neben dem <a href=\"https:\/\/www.lampo.it\/de\/aktivitat\/strandpromenade-von-caorle\/\">Strand von Caorle<\/a>. Innerhalb der Anlage k\u00f6nnen Sie <strong>Aquafollie<\/strong> genie\u00dfen, einen 36.000 m\u00b2 gro\u00dfen Wasserpark mit Pools, Rutschen und Wasserspielen, Tages- und Abendunterhaltung, einen Mini-Club f\u00fcr Kinder, Spielbereiche f\u00fcr die Kleinen und einen Activity Park f\u00fcr \u00e4ltere Kinder. <\/p>\n\n<p>Es gibt zudem einen gro\u00dfen Supermarkt sowie eine breite Auswahl an Gesch\u00e4ften, Restaurants, Bars und Imbisswagen. Zu den Sporteinrichtungen geh\u00f6ren Innen- und Au\u00dfenpools, Tennis, Minigolf, Angeln, Wassersport, Bogenschie\u00dfen, Tauchen, Fitnessprogramme und eine Mountainbike-Strecke. <\/p>\n\n<figure class=\"wp-block-image size-full is-resized\"><img decoding=\"async\" width=\"680\" height=\"428\" src=\"https:\/\/www.lampo.it\/wp-content\/uploads\/2026\/04\/caorle-La-Perla-Nera.jpg\" alt=\"\" class=\"wp-image-3199578\" style=\"width:800px;height:auto\" srcset=\"https:\/\/www.lampo.it\/wp-content\/uploads\/2026\/04\/caorle-La-Perla-Nera.jpg 680w, https:\/\/www.lampo.it\/wp-content\/uploads\/2026\/04\/caorle-La-Perla-Nera-300x189.jpg 300w\" sizes=\"(max-width: 680px) 100vw, 680px\" \/><\/figure>\n\n<h2 class=\"wp-block-heading\">Erkundung von Bibione und Caorle sowie weitere Attraktionen in der N\u00e4he<\/h2>\n\n<p>Einer der gro\u00dfen Vorteile eines Urlaubs rund um die <strong>La Perla Nera<\/strong> ist die Lage zwischen zwei der charmantesten Badeorte Venetiens.<\/p>\n\n<p><strong>Caorle<\/strong> ist ein malerisches Fischerdorf mit einem historischen Zentrum, bunten H\u00e4usern in engen Gassen und einem markanten zylindrischen Glockenturm der Kathedrale aus dem 11. Jahrhundert. Das <a href=\"https:\/\/www.lampo.it\/de\/neugier\/kirche-madonna-dellangelo\/\">Santuario della Madonna dell&#8217;Angelo<\/a>, einer der Abholpunkte der <strong>La Perla Nera<\/strong>, ist eine Wallfahrtskirche direkt am Meer, die einen Besuch wert ist. Der Wochenmarkt, die Fischrestaurants an der Uferpromenade und der Open-Air-Skulpturenpark am Strand sind weitere Highlights.  <\/p>\n\n<p><strong>Bibione<\/strong> hingegen ist einer der gr\u00f6\u00dften und familienfreundlichsten Ferienorte an der Adria, bekannt f\u00fcr seinen au\u00dfergew\u00f6hnlichen Sandstrand, seine <a href=\"https:\/\/www.lampo.it\/de\/adriakuste\/bibione-thermae\/\">Therme<\/a> und den Pinienwald. Der <a href=\"https:\/\/www.lampo.it\/de\/neugier\/leuchtturms-von-bibione\/\">Leuchtturm von Bibione<\/a> an der <em>Punta Tagliamento<\/em> ist ein Muss, und das Lagunengebiet, durch das die <strong>La Perla Nera<\/strong> auf ihren Routen ab Bibione segelt, ist ein atemberaubender Naturpark. <\/p>\n\n<h3 class=\"wp-block-heading\">Ausflugsm\u00f6glichkeiten in der Umgebung:<\/h3>\n\n<ul class=\"wp-block-list\">\n<li>Venedig: Etwa 70 km entfernt; perfekt f\u00fcr einen kulturellen Tagesausflug<\/li>\n\n\n\n<li>Marano Lagunare: Ein ruhiges Lagunendorf, ideal f\u00fcr Naturliebhaber<\/li>\n\n\n\n<li><a href=\"https:\/\/www.lampo.it\/de\/adriakuste\/aquafollie-caorle\/\">Wasserpark Aquafollie<\/a> (Caorle): Ideal f\u00fcr \u00e4ltere Kinder und Teenager<\/li>\n\n\n\n<li>Prosecco-H\u00fcgel (UNESCO): Etwa 80 km im Landesinneren; Weinberge und D\u00f6rfer<\/li>\n<\/ul>\n\n<h2 class=\"wp-block-heading\">Wann ist die beste Reisezeit?<\/h2>\n\n<p>Die beste Zeit f\u00fcr einen Besuch h\u00e4ngt von Ihren Priorit\u00e4ten ab. Der <strong>Juni<\/strong> ist eine gute Wahl, wenn Sie eine ruhigere Atmosph\u00e4re und angenehmes Wetter bevorzugen, obwohl einige Dienstleistungen zu Beginn der Saison m\u00f6glicherweise noch nicht vollst\u00e4ndig verf\u00fcgbar sind. <\/p>\n\n<p>Im <strong>Juli<\/strong> und <strong>August<\/strong> findet das volle Programm der <strong>La Perla Nera<\/strong> statt. Da dies jedoch die belebtesten Monate sind, ist ein fr\u00fchzeitiges Erscheinen am Einstiegspunkt unerl\u00e4sslich. <\/p>\n\n<p>Anfang <strong>September<\/strong> bietet die ideale Balance! Die Adria ist noch warm, die Menschenmassen haben deutlich abgenommen und das Tempo ist entspannter, auch wenn einige der speziellen Abendveranstaltungen zu diesem Zeitpunkt bereits auslaufen. <\/p>\n\n<h2 class=\"wp-block-heading\">Besuchen Sie La Perla Nera und buchen Sie jetzt Ihren Aufenthalt<\/h2>\n\n<p>Der beste Weg, Ihren Urlaub zu genie\u00dfen, ist eine passende Unterkunft in der N\u00e4he \u2013 und genau hier kommt die <a href=\"https:\/\/www.lampo.it\/de\/\">Agenzia Lampo<\/a> ins Spiel.<\/p>\n\n<p>Seit mehr als 70 Jahren bietet die <strong>Agentur Lampo<\/strong> Unterk\u00fcnfte an der venezianischen Riviera an, mit einer Auswahl an Apartments und Ferienh\u00e4usern in Orten wie <strong>Bibione<\/strong>, <strong>Caorle<\/strong>, <strong>Jesolo<\/strong>, <strong>Lido Altanea<\/strong> und <a href=\"https:\/\/www.lampo.it\/de\/adriakueste\/sonne-meer-und-relax-am-baia-blanca\/\">Porto Santa Margherita<\/a>. <\/p>\n\n<p>Finden Sie den perfekten Ausgangspunkt f\u00fcr Ihr Piratenabenteuer!<\/p>\n","protected":false},"excerpt":{"rendered":"<p>Wenn Sie einen Familienurlaub an der Adriak\u00fcste planen und nach etwas wirklich Unvergesslichem jenseits von Sonnenbaden und Gelato suchen, sind Sie hier genau richtig. In diesem Ratgeber nehmen wir Sie [&hellip;]<\/p>\n","protected":false},"author":5,"featured_media":3199605,"comment_status":"closed","ping_status":"closed","sticky":false,"template":"","format":"standard","meta":{"footnotes":""},"categories":[14],"tags":[146,109],"class_list":["post-3199632","post","type-post","status-publish","format-standard","has-post-thumbnail","hentry","category-aktivitat","tag-bibione-de","tag-caorle-de"],"yoast_head":"<!-- This site is optimized with the Yoast SEO plugin v27.4 - https:\/\/yoast.com\/product\/yoast-seo-wordpress\/ -->\n<title>Ein Familienratgeber f\u00fcr La Perla Nera im Pra delle Torri - Agenzia Lampo<\/title>\n<meta name=\"description\" content=\"Entdecken Sie den Charme der La Perla Nera. Genie\u00dfen Sie ein einzigartiges Erlebnis, erkunden Sie ihre Geheimnisse und schaffen Sie unvergessliche Erinnerungen. Kommen Sie vorbei und lassen Sie sich begeistern!\" \/>\n<meta name=\"robots\" content=\"index, follow, max-snippet:-1, max-image-preview:large, max-video-preview:-1\" \/>\n<link rel=\"canonical\" href=\"https:\/\/www.lampo.it\/de\/aktivitat\/perla-nera\/\" \/>\n<meta property=\"og:locale\" content=\"de_DE\" \/>\n<meta property=\"og:type\" content=\"article\" \/>\n<meta property=\"og:title\" content=\"Ein Familienratgeber f\u00fcr La Perla Nera im Pra delle Torri - Agenzia Lampo\" \/>\n<meta property=\"og:description\" content=\"Entdecken Sie den Charme der La Perla Nera. Genie\u00dfen Sie ein einzigartiges Erlebnis, erkunden Sie ihre Geheimnisse und schaffen Sie unvergessliche Erinnerungen. Kommen Sie vorbei und lassen Sie sich begeistern!\" \/>\n<meta property=\"og:url\" content=\"https:\/\/www.lampo.it\/de\/aktivitat\/perla-nera\/\" \/>\n<meta property=\"og:site_name\" content=\"Agenzia Lampo\" \/>\n<meta property=\"article:published_time\" content=\"2026-04-21T06:59:45+00:00\" \/>\n<meta property=\"article:modified_time\" content=\"2026-04-27T11:42:18+00:00\" \/>\n<meta property=\"og:image\" content=\"https:\/\/www.lampo.it\/wp-content\/uploads\/2026\/04\/perla-nera-caorle.jpg\" \/>\n\t<meta property=\"og:image:width\" content=\"1165\" \/>\n\t<meta property=\"og:image:height\" content=\"709\" \/>\n\t<meta property=\"og:image:type\" content=\"image\/jpeg\" \/>\n<meta name=\"author\" content=\"Maral\" \/>\n<meta name=\"twitter:card\" content=\"summary_large_image\" \/>\n<meta name=\"twitter:label1\" content=\"Verfasst von\" \/>\n\t<meta name=\"twitter:data1\" content=\"Maral\" \/>\n\t<meta name=\"twitter:label2\" content=\"Gesch\u00e4tzte Lesezeit\" \/>\n\t<meta name=\"twitter:data2\" content=\"5\u00a0Minuten\" \/>\n<script type=\"application\/ld+json\" class=\"yoast-schema-graph\">{\"@context\":\"https:\\\/\\\/schema.org\",\"@graph\":[{\"@type\":\"Article\",\"@id\":\"https:\\\/\\\/www.lampo.it\\\/de\\\/aktivitat\\\/perla-nera\\\/#article\",\"isPartOf\":{\"@id\":\"https:\\\/\\\/www.lampo.it\\\/de\\\/aktivitat\\\/perla-nera\\\/\"},\"author\":{\"name\":\"Maral\",\"@id\":\"https:\\\/\\\/www.lampo.it\\\/#\\\/schema\\\/person\\\/f893e50fbfb3653c9332a4aaf103e75e\"},\"headline\":\"Ein Familienratgeber f\u00fcr La Perla Nera im Pra delle Torri\",\"datePublished\":\"2026-04-21T06:59:45+00:00\",\"dateModified\":\"2026-04-27T11:42:18+00:00\",\"mainEntityOfPage\":{\"@id\":\"https:\\\/\\\/www.lampo.it\\\/de\\\/aktivitat\\\/perla-nera\\\/\"},\"wordCount\":1074,\"publisher\":{\"@id\":\"https:\\\/\\\/www.lampo.it\\\/#organization\"},\"image\":{\"@id\":\"https:\\\/\\\/www.lampo.it\\\/de\\\/aktivitat\\\/perla-nera\\\/#primaryimage\"},\"thumbnailUrl\":\"https:\\\/\\\/www.lampo.it\\\/wp-content\\\/uploads\\\/2026\\\/04\\\/perla-nera-caorle.jpg\",\"keywords\":[\"bibione\",\"caorle\"],\"articleSection\":[\"Aktivit\u00e4t\"],\"inLanguage\":\"de\"},{\"@type\":\"WebPage\",\"@id\":\"https:\\\/\\\/www.lampo.it\\\/de\\\/aktivitat\\\/perla-nera\\\/\",\"url\":\"https:\\\/\\\/www.lampo.it\\\/de\\\/aktivitat\\\/perla-nera\\\/\",\"name\":\"Ein Familienratgeber f\u00fcr La Perla Nera im Pra delle Torri - Agenzia Lampo\",\"isPartOf\":{\"@id\":\"https:\\\/\\\/www.lampo.it\\\/#website\"},\"primaryImageOfPage\":{\"@id\":\"https:\\\/\\\/www.lampo.it\\\/de\\\/aktivitat\\\/perla-nera\\\/#primaryimage\"},\"image\":{\"@id\":\"https:\\\/\\\/www.lampo.it\\\/de\\\/aktivitat\\\/perla-nera\\\/#primaryimage\"},\"thumbnailUrl\":\"https:\\\/\\\/www.lampo.it\\\/wp-content\\\/uploads\\\/2026\\\/04\\\/perla-nera-caorle.jpg\",\"datePublished\":\"2026-04-21T06:59:45+00:00\",\"dateModified\":\"2026-04-27T11:42:18+00:00\",\"description\":\"Entdecken Sie den Charme der La Perla Nera. Genie\u00dfen Sie ein einzigartiges Erlebnis, erkunden Sie ihre Geheimnisse und schaffen Sie unvergessliche Erinnerungen. Kommen Sie vorbei und lassen Sie sich begeistern!\",\"breadcrumb\":{\"@id\":\"https:\\\/\\\/www.lampo.it\\\/de\\\/aktivitat\\\/perla-nera\\\/#breadcrumb\"},\"inLanguage\":\"de\",\"potentialAction\":[{\"@type\":\"ReadAction\",\"target\":[\"https:\\\/\\\/www.lampo.it\\\/de\\\/aktivitat\\\/perla-nera\\\/\"]}]},{\"@type\":\"ImageObject\",\"inLanguage\":\"de\",\"@id\":\"https:\\\/\\\/www.lampo.it\\\/de\\\/aktivitat\\\/perla-nera\\\/#primaryimage\",\"url\":\"https:\\\/\\\/www.lampo.it\\\/wp-content\\\/uploads\\\/2026\\\/04\\\/perla-nera-caorle.jpg\",\"contentUrl\":\"https:\\\/\\\/www.lampo.it\\\/wp-content\\\/uploads\\\/2026\\\/04\\\/perla-nera-caorle.jpg\",\"width\":1165,\"height\":709,\"caption\":\"perla nera caorle\"},{\"@type\":\"BreadcrumbList\",\"@id\":\"https:\\\/\\\/www.lampo.it\\\/de\\\/aktivitat\\\/perla-nera\\\/#breadcrumb\",\"itemListElement\":[{\"@type\":\"ListItem\",\"position\":1,\"name\":\"Home\",\"item\":\"https:\\\/\\\/www.lampo.it\\\/\"},{\"@type\":\"ListItem\",\"position\":2,\"name\":\"Ein Familienratgeber f\u00fcr La Perla Nera im Pra delle Torri\"}]},{\"@type\":\"WebSite\",\"@id\":\"https:\\\/\\\/www.lampo.it\\\/#website\",\"url\":\"https:\\\/\\\/www.lampo.it\\\/\",\"name\":\"Agenzia Lampo\",\"description\":\"Agenzia Lampo. Affitti brevi sulla Costa Veneta\",\"publisher\":{\"@id\":\"https:\\\/\\\/www.lampo.it\\\/#organization\"},\"potentialAction\":[{\"@type\":\"SearchAction\",\"target\":{\"@type\":\"EntryPoint\",\"urlTemplate\":\"https:\\\/\\\/www.lampo.it\\\/?s={search_term_string}\"},\"query-input\":{\"@type\":\"PropertyValueSpecification\",\"valueRequired\":true,\"valueName\":\"search_term_string\"}}],\"inLanguage\":\"de\"},{\"@type\":\"Organization\",\"@id\":\"https:\\\/\\\/www.lampo.it\\\/#organization\",\"name\":\"Agenzia Lampo\",\"url\":\"https:\\\/\\\/www.lampo.it\\\/\",\"logo\":{\"@type\":\"ImageObject\",\"inLanguage\":\"de\",\"@id\":\"https:\\\/\\\/www.lampo.it\\\/#\\\/schema\\\/logo\\\/image\\\/\",\"url\":\"https:\\\/\\\/www.lampo.it\\\/wp-content\\\/uploads\\\/2025\\\/07\\\/logo-lampo_ok_2012.png\",\"contentUrl\":\"https:\\\/\\\/www.lampo.it\\\/wp-content\\\/uploads\\\/2025\\\/07\\\/logo-lampo_ok_2012.png\",\"width\":349,\"height\":137,\"caption\":\"Agenzia Lampo\"},\"image\":{\"@id\":\"https:\\\/\\\/www.lampo.it\\\/#\\\/schema\\\/logo\\\/image\\\/\"}},{\"@type\":\"Person\",\"@id\":\"https:\\\/\\\/www.lampo.it\\\/#\\\/schema\\\/person\\\/f893e50fbfb3653c9332a4aaf103e75e\",\"name\":\"Maral\",\"image\":{\"@type\":\"ImageObject\",\"inLanguage\":\"de\",\"@id\":\"https:\\\/\\\/secure.gravatar.com\\\/avatar\\\/d804353e8f67fa61fe64a503dcb7247981e2ba0f61d8e0cf872d45560a9cee7f?s=96&d=mm&r=g\",\"url\":\"https:\\\/\\\/secure.gravatar.com\\\/avatar\\\/d804353e8f67fa61fe64a503dcb7247981e2ba0f61d8e0cf872d45560a9cee7f?s=96&d=mm&r=g\",\"contentUrl\":\"https:\\\/\\\/secure.gravatar.com\\\/avatar\\\/d804353e8f67fa61fe64a503dcb7247981e2ba0f61d8e0cf872d45560a9cee7f?s=96&d=mm&r=g\",\"caption\":\"Maral\"},\"url\":\"https:\\\/\\\/www.lampo.it\\\/de\\\/author\\\/maral\\\/\"}]}<\/script>\n<!-- \/ Yoast SEO plugin. -->","yoast_head_json":{"title":"Ein Familienratgeber f\u00fcr La Perla Nera im Pra delle Torri - Agenzia Lampo","description":"Entdecken Sie den Charme der La Perla Nera. Genie\u00dfen Sie ein einzigartiges Erlebnis, erkunden Sie ihre Geheimnisse und schaffen Sie unvergessliche Erinnerungen. Kommen Sie vorbei und lassen Sie sich begeistern!","robots":{"index":"index","follow":"follow","max-snippet":"max-snippet:-1","max-image-preview":"max-image-preview:large","max-video-preview":"max-video-preview:-1"},"canonical":"https:\/\/www.lampo.it\/de\/aktivitat\/perla-nera\/","og_locale":"de_DE","og_type":"article","og_title":"Ein Familienratgeber f\u00fcr La Perla Nera im Pra delle Torri - Agenzia Lampo","og_description":"Entdecken Sie den Charme der La Perla Nera. Genie\u00dfen Sie ein einzigartiges Erlebnis, erkunden Sie ihre Geheimnisse und schaffen Sie unvergessliche Erinnerungen. Kommen Sie vorbei und lassen Sie sich begeistern!","og_url":"https:\/\/www.lampo.it\/de\/aktivitat\/perla-nera\/","og_site_name":"Agenzia Lampo","article_published_time":"2026-04-21T06:59:45+00:00","article_modified_time":"2026-04-27T11:42:18+00:00","og_image":[{"width":1165,"height":709,"url":"https:\/\/www.lampo.it\/wp-content\/uploads\/2026\/04\/perla-nera-caorle.jpg","type":"image\/jpeg"}],"author":"Maral","twitter_card":"summary_large_image","twitter_misc":{"Verfasst von":"Maral","Gesch\u00e4tzte Lesezeit":"5\u00a0Minuten"},"schema":{"@context":"https:\/\/schema.org","@graph":[{"@type":"Article","@id":"https:\/\/www.lampo.it\/de\/aktivitat\/perla-nera\/#article","isPartOf":{"@id":"https:\/\/www.lampo.it\/de\/aktivitat\/perla-nera\/"},"author":{"name":"Maral","@id":"https:\/\/www.lampo.it\/#\/schema\/person\/f893e50fbfb3653c9332a4aaf103e75e"},"headline":"Ein Familienratgeber f\u00fcr La Perla Nera im Pra delle Torri","datePublished":"2026-04-21T06:59:45+00:00","dateModified":"2026-04-27T11:42:18+00:00","mainEntityOfPage":{"@id":"https:\/\/www.lampo.it\/de\/aktivitat\/perla-nera\/"},"wordCount":1074,"publisher":{"@id":"https:\/\/www.lampo.it\/#organization"},"image":{"@id":"https:\/\/www.lampo.it\/de\/aktivitat\/perla-nera\/#primaryimage"},"thumbnailUrl":"https:\/\/www.lampo.it\/wp-content\/uploads\/2026\/04\/perla-nera-caorle.jpg","keywords":["bibione","caorle"],"articleSection":["Aktivit\u00e4t"],"inLanguage":"de"},{"@type":"WebPage","@id":"https:\/\/www.lampo.it\/de\/aktivitat\/perla-nera\/","url":"https:\/\/www.lampo.it\/de\/aktivitat\/perla-nera\/","name":"Ein Familienratgeber f\u00fcr La Perla Nera im Pra delle Torri - Agenzia Lampo","isPartOf":{"@id":"https:\/\/www.lampo.it\/#website"},"primaryImageOfPage":{"@id":"https:\/\/www.lampo.it\/de\/aktivitat\/perla-nera\/#primaryimage"},"image":{"@id":"https:\/\/www.lampo.it\/de\/aktivitat\/perla-nera\/#primaryimage"},"thumbnailUrl":"https:\/\/www.lampo.it\/wp-content\/uploads\/2026\/04\/perla-nera-caorle.jpg","datePublished":"2026-04-21T06:59:45+00:00","dateModified":"2026-04-27T11:42:18+00:00","description":"Entdecken Sie den Charme der La Perla Nera. Genie\u00dfen Sie ein einzigartiges Erlebnis, erkunden Sie ihre Geheimnisse und schaffen Sie unvergessliche Erinnerungen. Kommen Sie vorbei und lassen Sie sich begeistern!","breadcrumb":{"@id":"https:\/\/www.lampo.it\/de\/aktivitat\/perla-nera\/#breadcrumb"},"inLanguage":"de","potentialAction":[{"@type":"ReadAction","target":["https:\/\/www.lampo.it\/de\/aktivitat\/perla-nera\/"]}]},{"@type":"ImageObject","inLanguage":"de","@id":"https:\/\/www.lampo.it\/de\/aktivitat\/perla-nera\/#primaryimage","url":"https:\/\/www.lampo.it\/wp-content\/uploads\/2026\/04\/perla-nera-caorle.jpg","contentUrl":"https:\/\/www.lampo.it\/wp-content\/uploads\/2026\/04\/perla-nera-caorle.jpg","width":1165,"height":709,"caption":"perla nera caorle"},{"@type":"BreadcrumbList","@id":"https:\/\/www.lampo.it\/de\/aktivitat\/perla-nera\/#breadcrumb","itemListElement":[{"@type":"ListItem","position":1,"name":"Home","item":"https:\/\/www.lampo.it\/"},{"@type":"ListItem","position":2,"name":"Ein Familienratgeber f\u00fcr La Perla Nera im Pra delle Torri"}]},{"@type":"WebSite","@id":"https:\/\/www.lampo.it\/#website","url":"https:\/\/www.lampo.it\/","name":"Agenzia Lampo","description":"Agenzia Lampo. Affitti brevi sulla Costa Veneta","publisher":{"@id":"https:\/\/www.lampo.it\/#organization"},"potentialAction":[{"@type":"SearchAction","target":{"@type":"EntryPoint","urlTemplate":"https:\/\/www.lampo.it\/?s={search_term_string}"},"query-input":{"@type":"PropertyValueSpecification","valueRequired":true,"valueName":"search_term_string"}}],"inLanguage":"de"},{"@type":"Organization","@id":"https:\/\/www.lampo.it\/#organization","name":"Agenzia Lampo","url":"https:\/\/www.lampo.it\/","logo":{"@type":"ImageObject","inLanguage":"de","@id":"https:\/\/www.lampo.it\/#\/schema\/logo\/image\/","url":"https:\/\/www.lampo.it\/wp-content\/uploads\/2025\/07\/logo-lampo_ok_2012.png","contentUrl":"https:\/\/www.lampo.it\/wp-content\/uploads\/2025\/07\/logo-lampo_ok_2012.png","width":349,"height":137,"caption":"Agenzia Lampo"},"image":{"@id":"https:\/\/www.lampo.it\/#\/schema\/logo\/image\/"}},{"@type":"Person","@id":"https:\/\/www.lampo.it\/#\/schema\/person\/f893e50fbfb3653c9332a4aaf103e75e","name":"Maral","image":{"@type":"ImageObject","inLanguage":"de","@id":"https:\/\/secure.gravatar.com\/avatar\/d804353e8f67fa61fe64a503dcb7247981e2ba0f61d8e0cf872d45560a9cee7f?s=96&d=mm&r=g","url":"https:\/\/secure.gravatar.com\/avatar\/d804353e8f67fa61fe64a503dcb7247981e2ba0f61d8e0cf872d45560a9cee7f?s=96&d=mm&r=g","contentUrl":"https:\/\/secure.gravatar.com\/avatar\/d804353e8f67fa61fe64a503dcb7247981e2ba0f61d8e0cf872d45560a9cee7f?s=96&d=mm&r=g","caption":"Maral"},"url":"https:\/\/www.lampo.it\/de\/author\/maral\/"}]}},"_links":{"self":[{"href":"https:\/\/www.lampo.it\/de\/wp-json\/wp\/v2\/posts\/3199632","targetHints":{"allow":["GET"]}}],"collection":[{"href":"https:\/\/www.lampo.it\/de\/wp-json\/wp\/v2\/posts"}],"about":[{"href":"https:\/\/www.lampo.it\/de\/wp-json\/wp\/v2\/types\/post"}],"author":[{"embeddable":true,"href":"https:\/\/www.lampo.it\/de\/wp-json\/wp\/v2\/users\/5"}],"replies":[{"embeddable":true,"href":"https:\/\/www.lampo.it\/de\/wp-json\/wp\/v2\/comments?post=3199632"}],"version-history":[{"count":1,"href":"https:\/\/www.lampo.it\/de\/wp-json\/wp\/v2\/posts\/3199632\/revisions"}],"predecessor-version":[{"id":3199634,"href":"https:\/\/www.lampo.it\/de\/wp-json\/wp\/v2\/posts\/3199632\/revisions\/3199634"}],"wp:featuredmedia":[{"embeddable":true,"href":"https:\/\/www.lampo.it\/de\/wp-json\/wp\/v2\/media\/3199605"}],"wp:attachment":[{"href":"https:\/\/www.lampo.it\/de\/wp-json\/wp\/v2\/media?parent=3199632"}],"wp:term":[{"taxonomy":"category","embeddable":true,"href":"https:\/\/www.lampo.it\/de\/wp-json\/wp\/v2\/categories?post=3199632"},{"taxonomy":"post_tag","embeddable":true,"href":"https:\/\/www.lampo.it\/de\/wp-json\/wp\/v2\/tags?post=3199632"}],"curies":[{"name":"wp","href":"https:\/\/api.w.org\/{rel}","templated":true}]}}